{"id":24917,"date":"2020-01-23T16:13:43","date_gmt":"2020-01-23T15:13:43","guid":{"rendered":"https:\/\/wtw.waw.pl\/?p=24917"},"modified":"2020-01-23T16:13:43","modified_gmt":"2020-01-23T15:13:43","slug":"wioslarski-tytan-warszawy-2020-szykuje-sie-do-startu","status":"publish","type":"post","link":"https:\/\/wpserwis.cfolks.pl\/r2\/wioslarski-tytan-warszawy-2020-szykuje-sie-do-startu\/","title":{"rendered":"WIO\u015aLARSKI TYTAN WARSZAWY 2020 SZYKUJE SI\u0118 DO STARTU!"},"content":{"rendered":"\n<p>Z radosn\u0105 energi\u0105 i u\u015bmiechami na ustach rozpocz\u0119li\u015bmy przygotowania do<strong> VII Edycji &#8222;Tytana&#8221;<\/strong>. Pracy czeka nas bardzo du\u017co, bo imprez\u0119 planujemy przeprowadzi\u0107 w 10 Dzielnicach + Wielki Fina\u0142 ale legendarna ju\u017c atmosfera &#8222;Tytan\u00f3w&#8221; warta jest ka\u017cdego wysi\u0142ku.<\/p>\n\n\n\n<p>W tym roku wios\u0142owa\u0107 planujemy na <strong>Mokotowie, Woli, Bemowie, Ursusie, Targ\u00f3wku, Ochocie, Ursynowie, Wilanowie, \u015ar\u00f3dmie\u015bciu i Bielanach<\/strong>. Wielki Fina\u0142, modelem lat poprzednich, organizujemy na Woli!<\/p>\n\n\n\n<p>Wi\u0119cej informacji ju\u017c wkr\u00f3tce! <\/p>\n\n\n\n<figure class=\"wp-block-embed-wordpress wp-block-embed is-type-wp-embed is-provider-wtw\"><div class=\"wp-block-embed__wrapper\">\n<blockquote class=\"wp-embedded-content\" data-secret=\"tI9ZiMN6QO\"><a href=\"https:\/\/wpserwis.cfolks.pl\/r2\/tytan\/\">Tytan<\/a><\/blockquote><iframe loading=\"lazy\" class=\"wp-embedded-content\" sandbox=\"allow-scripts\" security=\"restricted\" style=\"position: absolute; visibility: hidden;\" title=\"&#8222;Tytan&#8221; &#8212; Warszawskie Towarzystwo Wio\u015blarskie\" src=\"https:\/\/wpserwis.cfolks.pl\/r2\/tytan\/embed\/#?secret=wh4ArSLUGo#?secret=tI9ZiMN6QO\" data-secret=\"tI9ZiMN6QO\" width=\"600\" height=\"338\" frameborder=\"0\" marginwidth=\"0\" marginheight=\"0\" scrolling=\"no\"><\/iframe>\n<\/div><\/figure>\n","protected":false},"excerpt":{"rendered":"<p>Z radosn\u0105 energi\u0105 i u\u015bmiechami na ustach rozpocz\u0119li\u015bmy przygotowania do VII Edycji &#8222;Tytana&#8221;. Pracy czeka nas bardzo du\u017co, bo imprez\u0119 planujemy przeprowadzi\u0107 w 10 Dzielnicach + Wielki Fina\u0142 ale legendarna ju\u017c atmosfera &#8222;Tytan\u00f3w&#8221; warta jest ka\u017cdego wysi\u0142ku. W tym roku wios\u0142owa\u0107 planujemy na Mokotowie, Woli, Bemowie, Ursusie, Targ\u00f3wku, Ochocie, Ursynowie, Wilanowie, \u015ar\u00f3dmie\u015bciu i Bielanach. Wielki [&hellip;]<\/p>\n","protected":false},"author":1,"featured_media":24913,"comment_status":"closed","ping_status":"closed","sticky":false,"template":"","format":"standard","meta":{"_acf_changed":false,"footnotes":""},"categories":[1],"tags":[],"class_list":["post-24917","post","type-post","status-publish","format-standard","has-post-thumbnail","hentry","category-bez-kategorii"],"acf":[],"_links":{"self":[{"href":"https:\/\/wpserwis.cfolks.pl\/r2\/wp-json\/wp\/v2\/posts\/24917","targetHints":{"allow":["GET"]}}],"collection":[{"href":"https:\/\/wpserwis.cfolks.pl\/r2\/wp-json\/wp\/v2\/posts"}],"about":[{"href":"https:\/\/wpserwis.cfolks.pl\/r2\/wp-json\/wp\/v2\/types\/post"}],"author":[{"embeddable":true,"href":"https:\/\/wpserwis.cfolks.pl\/r2\/wp-json\/wp\/v2\/users\/1"}],"replies":[{"embeddable":true,"href":"https:\/\/wpserwis.cfolks.pl\/r2\/wp-json\/wp\/v2\/comments?post=24917"}],"version-history":[{"count":0,"href":"https:\/\/wpserwis.cfolks.pl\/r2\/wp-json\/wp\/v2\/posts\/24917\/revisions"}],"wp:featuredmedia":[{"embeddable":true,"href":"https:\/\/wpserwis.cfolks.pl\/r2\/wp-json\/"}],"wp:attachment":[{"href":"https:\/\/wpserwis.cfolks.pl\/r2\/wp-json\/wp\/v2\/media?parent=24917"}],"wp:term":[{"taxonomy":"category","embeddable":true,"href":"https:\/\/wpserwis.cfolks.pl\/r2\/wp-json\/wp\/v2\/categories?post=24917"},{"taxonomy":"post_tag","embeddable":true,"href":"https:\/\/wpserwis.cfolks.pl\/r2\/wp-json\/wp\/v2\/tags?post=24917"}],"curies":[{"name":"wp","href":"https:\/\/api.w.org\/{rel}","templated":true}]}}