{"id":24936,"date":"2020-01-30T11:59:16","date_gmt":"2020-01-30T10:59:16","guid":{"rendered":"https:\/\/wtw.waw.pl\/?p=24936"},"modified":"2020-01-30T11:59:16","modified_gmt":"2020-01-30T10:59:16","slug":"nadzwyczajne-zebranie-sekcji-turystyki-zeglarskiej-i-motorowodnej","status":"publish","type":"post","link":"https:\/\/wpserwis.cfolks.pl\/r2\/nadzwyczajne-zebranie-sekcji-turystyki-zeglarskiej-i-motorowodnej\/","title":{"rendered":"NADZWYCZAJNE ZEBRANIE SEKCJI TURYSTYKI \u017bEGLARSKIEJ I MOTOROWODNEJ"},"content":{"rendered":"\n<p>\nKomandor\nST\u017biM zawiadamia, \u017ce w dniu 08.02.2020r. o godzinie 11.00 w\npierwszym terminie i 11.15 w drugim terminie w sali klubowej przy ul.\nZaruskiego 12 odb\u0119dzie si\u0119 Nadzwyczajne Zebranie Sekcji Turystyki\n\u017beglarskiej i Motorowodnej z nast\u0119puj\u0105cym porz\u0105dkiem obrad:<\/p>\n\n\n\n<ol class=\"wp-block-list\"><li>Otwarcie Zebrania. <\/li><li>Wyb\u00f3r Przewodnicz\u0105cego Zebrania. <\/li><li>Zabranie g\u0142osu przez Prezesa Zarz\u0105du WTW d-ha Bogus\u0142awa Siennickiego. <\/li><li>Wyb\u00f3r sk\u0142adu Komisji Skrutacyjnej. <\/li><li>Zg\u0142oszenie kandydatur na funkcj\u0119 Komandora Sekcji. <\/li><li>Wybory Komandora Sekcji. <\/li><li>Og\u0142oszenie wyniku wybor\u00f3w Komandora Sekcji. <\/li><li>Wyst\u0105pienie nowego Komandora Sekcji. <\/li><li>Propozycja nowego sk\u0142adu Kierownictwa Sekcji. <\/li><li>Zg\u0142oszenie kandydatur do Kierownictwa Sekcji. <\/li><li>Wybory sk\u0142adu Kierownictwa Sekcji. <\/li><li>Og\u0142oszenie wynik\u00f3w wybor\u00f3w na Kierownictwo Sekcji. <\/li><li>Og\u0142oszenia. <\/li><li>Zamkni\u0119cie Zebrania. <\/li><\/ol>\n\n\n\n<p><\/p>\n\n\n\n<p>Serdecznie zapraszamy na Zebranie!<\/p>\n","protected":false},"excerpt":{"rendered":"<p>Komandor ST\u017biM zawiadamia, \u017ce w dniu 08.02.2020r. o godzinie 11.00 w pierwszym terminie i 11.15 w drugim terminie w sali klubowej przy ul. Zaruskiego 12 odb\u0119dzie si\u0119 Nadzwyczajne Zebranie Sekcji Turystyki \u017beglarskiej i Motorowodnej z nast\u0119puj\u0105cym porz\u0105dkiem obrad: Otwarcie Zebrania. Wyb\u00f3r Przewodnicz\u0105cego Zebrania. Zabranie g\u0142osu przez Prezesa Zarz\u0105du WTW d-ha Bogus\u0142awa Siennickiego. Wyb\u00f3r sk\u0142adu Komisji [&hellip;]<\/p>\n","protected":false},"author":1,"featured_media":24942,"comment_status":"closed","ping_status":"closed","sticky":false,"template":"","format":"standard","meta":{"_acf_changed":false,"footnotes":""},"categories":[1],"tags":[],"class_list":["post-24936","post","type-post","status-publish","format-standard","has-post-thumbnail","hentry","category-bez-kategorii"],"acf":[],"_links":{"self":[{"href":"https:\/\/wpserwis.cfolks.pl\/r2\/wp-json\/wp\/v2\/posts\/24936","targetHints":{"allow":["GET"]}}],"collection":[{"href":"https:\/\/wpserwis.cfolks.pl\/r2\/wp-json\/wp\/v2\/posts"}],"about":[{"href":"https:\/\/wpserwis.cfolks.pl\/r2\/wp-json\/wp\/v2\/types\/post"}],"author":[{"embeddable":true,"href":"https:\/\/wpserwis.cfolks.pl\/r2\/wp-json\/wp\/v2\/users\/1"}],"replies":[{"embeddable":true,"href":"https:\/\/wpserwis.cfolks.pl\/r2\/wp-json\/wp\/v2\/comments?post=24936"}],"version-history":[{"count":0,"href":"https:\/\/wpserwis.cfolks.pl\/r2\/wp-json\/wp\/v2\/posts\/24936\/revisions"}],"wp:featuredmedia":[{"embeddable":true,"href":"https:\/\/wpserwis.cfolks.pl\/r2\/wp-json\/"}],"wp:attachment":[{"href":"https:\/\/wpserwis.cfolks.pl\/r2\/wp-json\/wp\/v2\/media?parent=24936"}],"wp:term":[{"taxonomy":"category","embeddable":true,"href":"https:\/\/wpserwis.cfolks.pl\/r2\/wp-json\/wp\/v2\/categories?post=24936"},{"taxonomy":"post_tag","embeddable":true,"href":"https:\/\/wpserwis.cfolks.pl\/r2\/wp-json\/wp\/v2\/tags?post=24936"}],"curies":[{"name":"wp","href":"https:\/\/api.w.org\/{rel}","templated":true}]}}