{"id":24958,"date":"2020-02-03T14:55:04","date_gmt":"2020-02-03T13:55:04","guid":{"rendered":"https:\/\/wtw.waw.pl\/?p=24958"},"modified":"2020-02-03T14:55:04","modified_gmt":"2020-02-03T13:55:04","slug":"marcin-brzezinski-najlepszym-sportowcem-warszawy-w-2019r","status":"publish","type":"post","link":"https:\/\/wpserwis.cfolks.pl\/r2\/marcin-brzezinski-najlepszym-sportowcem-warszawy-w-2019r\/","title":{"rendered":"Marcin Brzezi\u0144ski najlepszym sportowcem Warszawy w 2019r!"},"content":{"rendered":"\n<p>W XX Plebiscycie na Najlepszego Sportowca Warszawy wygra\u0142 nasz zawodnik &#8211; Mistrz \u015awiata w czw\u00f3rce bez sternika &#8211; Marcin Brzezi\u0144ski.<\/p>\n\n\n\n<p>Wyboru dokona\u0142a kapitu\u0142a w sk\u0142adzie:  przewodnicz\u0105cy Tomasz Majewski, Dorota Idzi, Otylia J\u0119drzejczak, Robert  Korzeniowski, Erwina Ry\u015b-Ferens, Teresa Sukniewicz-Kleiber, Andrzej  Supron i Ryszard Szurkowski. Ocenie podlega\u0142y osi\u0105gni\u0119cia sportowe w 2019 roku.<\/p>\n\n\n\n<p>Bardzo cieszymy si\u0119, \u017ce wio\u015blarskie sukcesy zosta\u0142y zauwa\u017cone. Szczeg\u00f3lnie, \u017ce podium zosta\u0142o skompletowane przez wio\u015blarzy AZS AWF Warszawa: Agnieszk\u0119 Kobus-Zawojsk\u0105, Dominika Czaj\u0119 i Szymona Po\u015bnika &#8211; wicemistrz\u00f3w \u015bwiata w 2019 roku. Trenerem roku zosta\u0142 Adam Skwarski z tego\u017c klubu.<\/p>\n\n\n\n<p><strong>Dziesi\u0119ciu najlepszych sportowc\u00f3w Warszawy 2019 roku:<\/strong><\/p>\n\n\n\n<p>1. Marcin Brzezi\u0144ski (wio\u015blarstwo \u2013 Warszawskie Towarzystwo Wio\u015blarskie)<br>2. Agnieszka Kobus-Zawojska (wio\u015blarstwo \u2013 AZS AWF Warszawa)<br>3. Szymon Po\u015bnik i Dominik Czaja (wio\u015blarstwo \u2013 AZS AWF Warszawa)<br>4. Magdalena Piekarska-Twardochel (szermierka \u2013 AZS AWF Warszawa)<br>5. Marcin Rudawski (\u017ceglarstwo \u2013 MKS Dw\u00f3jka Warszawa)<br>6. Marcin Krukowski (lekkoatletyka \u2013 KS &#8222;Warszawianka&#8221; Warszawa)<br>7. Maciej Mazur (karate shinkyokushin \u2013 Biela\u0144ski Klub Kyokushin Karate)<br>8. Mateusz Mr\u00f3z (taekwon-do ITF \u2013 Taewo Klub Wschodnich Sport\u00f3w Walki)<br>9. Micha\u0142 Luto (sumo sportowe \u2013 UKS Nied\u017awiadek)<br>10. Iga \u015awi\u0105tek (tenis ziemny \u2013 Legia Warszawa Sekcja Tenisa)<\/p>\n\n\n\n<p><\/p>\n","protected":false},"excerpt":{"rendered":"<p>W XX Plebiscycie na Najlepszego Sportowca Warszawy wygra\u0142 nasz zawodnik &#8211; Mistrz \u015awiata w czw\u00f3rce bez sternika &#8211; Marcin Brzezi\u0144ski. Wyboru dokona\u0142a kapitu\u0142a w sk\u0142adzie: przewodnicz\u0105cy Tomasz Majewski, Dorota Idzi, Otylia J\u0119drzejczak, Robert Korzeniowski, Erwina Ry\u015b-Ferens, Teresa Sukniewicz-Kleiber, Andrzej Supron i Ryszard Szurkowski. Ocenie podlega\u0142y osi\u0105gni\u0119cia sportowe w 2019 roku. Bardzo cieszymy si\u0119, \u017ce wio\u015blarskie [&hellip;]<\/p>\n","protected":false},"author":1,"featured_media":24959,"comment_status":"closed","ping_status":"closed","sticky":false,"template":"","format":"standard","meta":{"_acf_changed":false,"footnotes":""},"categories":[1],"tags":[],"class_list":["post-24958","post","type-post","status-publish","format-standard","has-post-thumbnail","hentry","category-bez-kategorii"],"acf":[],"_links":{"self":[{"href":"https:\/\/wpserwis.cfolks.pl\/r2\/wp-json\/wp\/v2\/posts\/24958","targetHints":{"allow":["GET"]}}],"collection":[{"href":"https:\/\/wpserwis.cfolks.pl\/r2\/wp-json\/wp\/v2\/posts"}],"about":[{"href":"https:\/\/wpserwis.cfolks.pl\/r2\/wp-json\/wp\/v2\/types\/post"}],"author":[{"embeddable":true,"href":"https:\/\/wpserwis.cfolks.pl\/r2\/wp-json\/wp\/v2\/users\/1"}],"replies":[{"embeddable":true,"href":"https:\/\/wpserwis.cfolks.pl\/r2\/wp-json\/wp\/v2\/comments?post=24958"}],"version-history":[{"count":0,"href":"https:\/\/wpserwis.cfolks.pl\/r2\/wp-json\/wp\/v2\/posts\/24958\/revisions"}],"wp:featuredmedia":[{"embeddable":true,"href":"https:\/\/wpserwis.cfolks.pl\/r2\/wp-json\/"}],"wp:attachment":[{"href":"https:\/\/wpserwis.cfolks.pl\/r2\/wp-json\/wp\/v2\/media?parent=24958"}],"wp:term":[{"taxonomy":"category","embeddable":true,"href":"https:\/\/wpserwis.cfolks.pl\/r2\/wp-json\/wp\/v2\/categories?post=24958"},{"taxonomy":"post_tag","embeddable":true,"href":"https:\/\/wpserwis.cfolks.pl\/r2\/wp-json\/wp\/v2\/tags?post=24958"}],"curies":[{"name":"wp","href":"https:\/\/api.w.org\/{rel}","templated":true}]}}