{"id":25022,"date":"2020-03-12T10:25:46","date_gmt":"2020-03-12T09:25:46","guid":{"rendered":"https:\/\/wtw.waw.pl\/?p=25022"},"modified":"2020-03-12T10:25:46","modified_gmt":"2020-03-12T09:25:46","slug":"uwaga-odwolane-zajecia","status":"publish","type":"post","link":"https:\/\/wpserwis.cfolks.pl\/r2\/uwaga-odwolane-zajecia\/","title":{"rendered":"UWAGA &#8211; ODWO\u0141ANE ZAJ\u0118CIA!"},"content":{"rendered":"\n<p>Decyzj\u0105 Zarz\u0105du Warszawskiego Towarzystwa Wio\u015blarskiego <strong>WSZYSTKIE zaj\u0119cia w WTW zostaj\u0105 odwo\u0142ane<\/strong>. <\/p>\n\n\n\n<p>Decyzja podj\u0119ta zosta\u0142a w oparciu o rozporz\u0105dzenie w sprawie zamkni\u0119cia plac\u00f3wek edukacyjnych w ca\u0142ym kraju. Aktualna decyzja Ministerstwa zak\u0142ada zamkni\u0119cie plac\u00f3wek do dnia 25 marca (\u015broda), o ewentualnych zmianach informowa\u0107 b\u0119dziemy na bie\u017c\u0105co. <\/p>\n\n\n\n<p><\/p>\n","protected":false},"excerpt":{"rendered":"<p>Decyzj\u0105 Zarz\u0105du Warszawskiego Towarzystwa Wio\u015blarskiego WSZYSTKIE zaj\u0119cia w WTW zostaj\u0105 odwo\u0142ane. Decyzja podj\u0119ta zosta\u0142a w oparciu o rozporz\u0105dzenie w sprawie zamkni\u0119cia plac\u00f3wek edukacyjnych w ca\u0142ym kraju. Aktualna decyzja Ministerstwa zak\u0142ada zamkni\u0119cie plac\u00f3wek do dnia 25 marca (\u015broda), o ewentualnych zmianach informowa\u0107 b\u0119dziemy na bie\u017c\u0105co.<\/p>\n","protected":false},"author":1,"featured_media":25023,"comment_status":"closed","ping_status":"closed","sticky":false,"template":"","format":"standard","meta":{"_acf_changed":false,"footnotes":""},"categories":[1],"tags":[],"class_list":["post-25022","post","type-post","status-publish","format-standard","has-post-thumbnail","hentry","category-bez-kategorii"],"acf":[],"_links":{"self":[{"href":"https:\/\/wpserwis.cfolks.pl\/r2\/wp-json\/wp\/v2\/posts\/25022","targetHints":{"allow":["GET"]}}],"collection":[{"href":"https:\/\/wpserwis.cfolks.pl\/r2\/wp-json\/wp\/v2\/posts"}],"about":[{"href":"https:\/\/wpserwis.cfolks.pl\/r2\/wp-json\/wp\/v2\/types\/post"}],"author":[{"embeddable":true,"href":"https:\/\/wpserwis.cfolks.pl\/r2\/wp-json\/wp\/v2\/users\/1"}],"replies":[{"embeddable":true,"href":"https:\/\/wpserwis.cfolks.pl\/r2\/wp-json\/wp\/v2\/comments?post=25022"}],"version-history":[{"count":0,"href":"https:\/\/wpserwis.cfolks.pl\/r2\/wp-json\/wp\/v2\/posts\/25022\/revisions"}],"wp:featuredmedia":[{"embeddable":true,"href":"https:\/\/wpserwis.cfolks.pl\/r2\/wp-json\/"}],"wp:attachment":[{"href":"https:\/\/wpserwis.cfolks.pl\/r2\/wp-json\/wp\/v2\/media?parent=25022"}],"wp:term":[{"taxonomy":"category","embeddable":true,"href":"https:\/\/wpserwis.cfolks.pl\/r2\/wp-json\/wp\/v2\/categories?post=25022"},{"taxonomy":"post_tag","embeddable":true,"href":"https:\/\/wpserwis.cfolks.pl\/r2\/wp-json\/wp\/v2\/tags?post=25022"}],"curies":[{"name":"wp","href":"https:\/\/api.w.org\/{rel}","templated":true}]}}