{"id":25025,"date":"2020-03-23T09:52:51","date_gmt":"2020-03-23T08:52:51","guid":{"rendered":"https:\/\/wtw.waw.pl\/?p=25025"},"modified":"2020-03-23T09:52:51","modified_gmt":"2020-03-23T08:52:51","slug":"z-wielkim-smutkiem-zawiadamiamy-o-smierci-naszego-druha-bogumila-mychlinskiego","status":"publish","type":"post","link":"https:\/\/wpserwis.cfolks.pl\/r2\/z-wielkim-smutkiem-zawiadamiamy-o-smierci-naszego-druha-bogumila-mychlinskiego\/","title":{"rendered":"Z wielkim smutkiem zawiadamiamy o \u015bmierci naszego druha Bogumi\u0142a Mechli\u0144skiego."},"content":{"rendered":"\n<p>Z g\u0142\u0119bokim \u017calem przekazujemy informacj\u0119 od Rodziny, i\u017c dnia 17 marca 2020 roku zmar\u0142 wieloletni Cz\u0142onek Warszawskiego Towarzystwa Wio\u015blarskiego &#8211; druh Bogumi\u0142 Mechli\u0144ski.<\/p>\n\n\n\n<p>Pogrzeb odb\u0119dzie si\u0119 23 marca 2020 roku (poniedzia\u0142ek) w P\u0142ocku. Rodzina poinformowa\u0142a, i\u017c ceremonie pogrzebowe odb\u0119d\u0105 si\u0119 przy obecno\u015bci wy\u0142\u0105cznie najbli\u017cszej Rodziny. Decyzja spowodowana jest obecnie panuj\u0105c\u0105 sytuacj\u0105 epidemiczn\u0105 w kraju. <\/p>\n\n\n\n<p><em><strong>Sk\u0142adamy najszczersze wyrazy wsp\u00f3\u0142czucia dla Rodziny naszego Druha.<\/strong><\/em><\/p>\n\n\n\n<p><\/p>\n","protected":false},"excerpt":{"rendered":"<p>Z g\u0142\u0119bokim \u017calem przekazujemy informacj\u0119 od Rodziny, i\u017c dnia 17 marca 2020 roku zmar\u0142 wieloletni Cz\u0142onek Warszawskiego Towarzystwa Wio\u015blarskiego &#8211; druh Bogumi\u0142 Mechli\u0144ski. Pogrzeb odb\u0119dzie si\u0119 23 marca 2020 roku (poniedzia\u0142ek) w P\u0142ocku. Rodzina poinformowa\u0142a, i\u017c ceremonie pogrzebowe odb\u0119d\u0105 si\u0119 przy obecno\u015bci wy\u0142\u0105cznie najbli\u017cszej Rodziny. Decyzja spowodowana jest obecnie panuj\u0105c\u0105 sytuacj\u0105 epidemiczn\u0105 w kraju. Sk\u0142adamy [&hellip;]<\/p>\n","protected":false},"author":1,"featured_media":24315,"comment_status":"closed","ping_status":"closed","sticky":false,"template":"","format":"standard","meta":{"_acf_changed":false,"footnotes":""},"categories":[1],"tags":[],"class_list":["post-25025","post","type-post","status-publish","format-standard","has-post-thumbnail","hentry","category-bez-kategorii"],"acf":[],"_links":{"self":[{"href":"https:\/\/wpserwis.cfolks.pl\/r2\/wp-json\/wp\/v2\/posts\/25025","targetHints":{"allow":["GET"]}}],"collection":[{"href":"https:\/\/wpserwis.cfolks.pl\/r2\/wp-json\/wp\/v2\/posts"}],"about":[{"href":"https:\/\/wpserwis.cfolks.pl\/r2\/wp-json\/wp\/v2\/types\/post"}],"author":[{"embeddable":true,"href":"https:\/\/wpserwis.cfolks.pl\/r2\/wp-json\/wp\/v2\/users\/1"}],"replies":[{"embeddable":true,"href":"https:\/\/wpserwis.cfolks.pl\/r2\/wp-json\/wp\/v2\/comments?post=25025"}],"version-history":[{"count":0,"href":"https:\/\/wpserwis.cfolks.pl\/r2\/wp-json\/wp\/v2\/posts\/25025\/revisions"}],"wp:featuredmedia":[{"embeddable":true,"href":"https:\/\/wpserwis.cfolks.pl\/r2\/wp-json\/"}],"wp:attachment":[{"href":"https:\/\/wpserwis.cfolks.pl\/r2\/wp-json\/wp\/v2\/media?parent=25025"}],"wp:term":[{"taxonomy":"category","embeddable":true,"href":"https:\/\/wpserwis.cfolks.pl\/r2\/wp-json\/wp\/v2\/categories?post=25025"},{"taxonomy":"post_tag","embeddable":true,"href":"https:\/\/wpserwis.cfolks.pl\/r2\/wp-json\/wp\/v2\/tags?post=25025"}],"curies":[{"name":"wp","href":"https:\/\/api.w.org\/{rel}","templated":true}]}}