{"id":25048,"date":"2020-04-07T12:41:41","date_gmt":"2020-04-07T10:41:41","guid":{"rendered":"https:\/\/wtw.waw.pl\/?p=25048"},"modified":"2020-04-07T12:41:41","modified_gmt":"2020-04-07T10:41:41","slug":"treningowy-paraliz-w-calym-kraju","status":"publish","type":"post","link":"https:\/\/wpserwis.cfolks.pl\/r2\/treningowy-paraliz-w-calym-kraju\/","title":{"rendered":"Treningowy parali\u017c w ca\u0142ym kraju."},"content":{"rendered":"\n<p>Od dn. 1.04. wszystkie formy aktywno\u015bci zostaj\u0105 odg\u00f3rnie zawieszone na mocy rozporz\u0105dzenia  Rady Ministr\u00f3w z dnia 31 marca 2020 r. w sprawie ustanowienia  okre\u015blonych ogranicze\u0144, nakaz\u00f3w i zakaz\u00f3w w zwi\u0105zku z wyst\u0105pieniem  stanu\u00a0epidemii. <\/p>\n\n\n\n<p>Ministerstwo Sportu informuje, \u017ce w dalszym ci\u0105gu w  niezmienionym kszta\u0142cie obowi\u0105zuje zakaz prowadzenia przez  przedsi\u0119biorc\u00f3w (&#8230;) oraz przez inne podmioty, dzia\u0142alno\u015bci zwi\u0105zanej  ze sportem, rozrywkowej i rekreacyjnej&#8221;. <\/p>\n\n\n\n<p>W WTW wszyscy zawodnicy od po\u0142owy marca trenuj\u0105 w domach wed\u0142ug plan\u00f3w przygotowanych przez trener\u00f3w. Do domu wr\u00f3ci\u0142a Joasia Dorociak, kt\u00f3ra przygotowywa\u0142a si\u0119 do udzia\u0142u w walce o reprezentowanie kraju w Igrzyskach Olimpijskich i pozostaje w treningu. Z Portugalii specjalnym transportem wr\u00f3cili Marcin Brzezi\u0144ski oraz Piotr P\u0142omi\u0144ski. Po odbyciu obowi\u0105zkowej 14-dniowej kwarantanny (ci\u0105gle w treningu) kontynuuj\u0105 treningi we w\u0142asnym zakresie.<\/p>\n\n\n\n<p>Zawodnikom wypo\u017cyczyli\u015bmy ergometry do pracy w domu. Nie dla wszystkich jednak wystarczy\u0142o sprz\u0119tu. Staramy si\u0119 aktualnie zorganizowa\u0107 im ciekawe formy treningu zast\u0119pczego.<\/p>\n\n\n\n<p>Mamy nadziej\u0119, \u017ce wkr\u00f3tce wr\u00f3cimy na wod\u0119!<\/p>\n\n\n\n<p>Obszerna relacja ze strony pztw.pl dost\u0119pna <a href=\"http:\/\/www.pztw.pl\/aktualnosci\/wiadomosci\/1163-Plany%20od%20trener%C3%B3w.%20Treningi%20indywidualne%20wio%C5%9Blarzy%20do%20ko%C5%84ca%20maja\">tutaj<\/a>.<\/p>\n","protected":false},"excerpt":{"rendered":"<p>Od dn. 1.04. wszystkie formy aktywno\u015bci zostaj\u0105 odg\u00f3rnie zawieszone na mocy rozporz\u0105dzenia Rady Ministr\u00f3w z dnia 31 marca 2020 r. w sprawie ustanowienia okre\u015blonych ogranicze\u0144, nakaz\u00f3w i zakaz\u00f3w w zwi\u0105zku z wyst\u0105pieniem stanu\u00a0epidemii. Ministerstwo Sportu informuje, \u017ce w dalszym ci\u0105gu w niezmienionym kszta\u0142cie obowi\u0105zuje zakaz prowadzenia przez przedsi\u0119biorc\u00f3w (&#8230;) oraz przez inne podmioty, dzia\u0142alno\u015bci zwi\u0105zanej [&hellip;]<\/p>\n","protected":false},"author":1,"featured_media":25049,"comment_status":"closed","ping_status":"closed","sticky":false,"template":"","format":"standard","meta":{"_acf_changed":false,"footnotes":""},"categories":[1],"tags":[],"class_list":["post-25048","post","type-post","status-publish","format-standard","has-post-thumbnail","hentry","category-bez-kategorii"],"acf":[],"_links":{"self":[{"href":"https:\/\/wpserwis.cfolks.pl\/r2\/wp-json\/wp\/v2\/posts\/25048","targetHints":{"allow":["GET"]}}],"collection":[{"href":"https:\/\/wpserwis.cfolks.pl\/r2\/wp-json\/wp\/v2\/posts"}],"about":[{"href":"https:\/\/wpserwis.cfolks.pl\/r2\/wp-json\/wp\/v2\/types\/post"}],"author":[{"embeddable":true,"href":"https:\/\/wpserwis.cfolks.pl\/r2\/wp-json\/wp\/v2\/users\/1"}],"replies":[{"embeddable":true,"href":"https:\/\/wpserwis.cfolks.pl\/r2\/wp-json\/wp\/v2\/comments?post=25048"}],"version-history":[{"count":0,"href":"https:\/\/wpserwis.cfolks.pl\/r2\/wp-json\/wp\/v2\/posts\/25048\/revisions"}],"wp:featuredmedia":[{"embeddable":true,"href":"https:\/\/wpserwis.cfolks.pl\/r2\/wp-json\/"}],"wp:attachment":[{"href":"https:\/\/wpserwis.cfolks.pl\/r2\/wp-json\/wp\/v2\/media?parent=25048"}],"wp:term":[{"taxonomy":"category","embeddable":true,"href":"https:\/\/wpserwis.cfolks.pl\/r2\/wp-json\/wp\/v2\/categories?post=25048"},{"taxonomy":"post_tag","embeddable":true,"href":"https:\/\/wpserwis.cfolks.pl\/r2\/wp-json\/wp\/v2\/tags?post=25048"}],"curies":[{"name":"wp","href":"https:\/\/api.w.org\/{rel}","templated":true}]}}