{"id":25054,"date":"2020-04-10T12:39:00","date_gmt":"2020-04-10T10:39:00","guid":{"rendered":"https:\/\/wtw.waw.pl\/?p=25054"},"modified":"2020-04-10T12:39:00","modified_gmt":"2020-04-10T10:39:00","slug":"zyczenia-wielkanocne","status":"publish","type":"post","link":"https:\/\/wpserwis.cfolks.pl\/r2\/zyczenia-wielkanocne\/","title":{"rendered":"\u017byczenia Wielkanocne"},"content":{"rendered":"\n<p>Druhny i druhowie! Z kr\u00f3tk\u0105 odezw\u0105 i \u017cyczeniami \u015bwi\u0105tecznymi zwraca si\u0119 prezes WTW pan Bogus\u0142aw Siennicki.<\/p>\n\n\n\n<div class=\"wp-block-media-text alignwide\"><figure class=\"wp-block-media-text__media\"><video controls src=\"https:\/\/wpserwis.cfolks.pl\/r2\/wp-content\/uploads\/2020\/04\/VID_20200409_135400-1.mp4\"><\/video><\/figure><div class=\"wp-block-media-text__content\">\n<p class=\"has-large-font-size\">Odezwa prezesa<\/p>\n<\/div><\/div>\n\n\n\n<p>Apelujemy o rozwag\u0119, solidarno\u015b\u0107 i cierpliwo\u015b\u0107. Wkr\u00f3tce na pewno zobaczymy si\u0119 na wodzie.<\/p>\n\n\n\n<p>Tymczasem \u017cyczymy zdrowia, pogody ducha i udanych spotka\u0144 rodzinnych on line! <\/p>\n\n\n\n<p>S\u0142owo na Wielkanoc kieruje do nas r\u00f3wnie\u017c pani Lidia Tro\u0107 &#8211; wice-dyrektor Towarzystwa:<\/p>\n\n\n\n<blockquote class=\"blockquote\" style=\"text-align:center\" class=\"wp-block-quote is-layout-flow wp-block-quote-is-layout-flow\"><p><strong><em> Wielkanocne rozmy\u015blani<\/em><\/strong><em>a<\/em>  <\/p><p><em>Teraz w\u0142a\u015bnie teraz  <\/em><\/p><p><em>W tym czasie odosobnienia <\/em><\/p><p><em>I OCZEKIWANIA NA ZMARTWYCHWSTANIE <\/em><\/p><p><em>Na nowo prze\u017cywamy <\/em><\/p><p><em>Wi\u0119zy mi\u0119dzy sob\u0105  <\/em><\/p><p><em>Nie dotykam nie oddycham <\/em><\/p><p><em>Nie podchodz\u0119  <\/em><\/p><p><em>Czy mam w sercu <\/em><\/p><p><em>Ziemia potrzebuje innego  <\/em><\/p><p><em>SMAKU <\/em><\/p><p><em>Zastanawiam si\u0119, ile potrafi\u0119 <\/em><\/p><p><em>Z siebie da\u0107 dla tej zmiany <\/em><\/p><\/blockquote>\n","protected":false},"excerpt":{"rendered":"<p>Druhny i druhowie! Z kr\u00f3tk\u0105 odezw\u0105 i \u017cyczeniami \u015bwi\u0105tecznymi zwraca si\u0119 prezes WTW pan Bogus\u0142aw Siennicki. Odezwa prezesa Apelujemy o rozwag\u0119, solidarno\u015b\u0107 i cierpliwo\u015b\u0107. Wkr\u00f3tce na pewno zobaczymy si\u0119 na wodzie. Tymczasem \u017cyczymy zdrowia, pogody ducha i udanych spotka\u0144 rodzinnych on line! S\u0142owo na Wielkanoc kieruje do nas r\u00f3wnie\u017c pani Lidia Tro\u0107 &#8211; wice-dyrektor Towarzystwa: [&hellip;]<\/p>\n","protected":false},"author":1,"featured_media":25061,"comment_status":"closed","ping_status":"closed","sticky":false,"template":"","format":"standard","meta":{"_acf_changed":false,"footnotes":""},"categories":[1],"tags":[],"class_list":["post-25054","post","type-post","status-publish","format-standard","has-post-thumbnail","hentry","category-bez-kategorii"],"acf":[],"_links":{"self":[{"href":"https:\/\/wpserwis.cfolks.pl\/r2\/wp-json\/wp\/v2\/posts\/25054","targetHints":{"allow":["GET"]}}],"collection":[{"href":"https:\/\/wpserwis.cfolks.pl\/r2\/wp-json\/wp\/v2\/posts"}],"about":[{"href":"https:\/\/wpserwis.cfolks.pl\/r2\/wp-json\/wp\/v2\/types\/post"}],"author":[{"embeddable":true,"href":"https:\/\/wpserwis.cfolks.pl\/r2\/wp-json\/wp\/v2\/users\/1"}],"replies":[{"embeddable":true,"href":"https:\/\/wpserwis.cfolks.pl\/r2\/wp-json\/wp\/v2\/comments?post=25054"}],"version-history":[{"count":0,"href":"https:\/\/wpserwis.cfolks.pl\/r2\/wp-json\/wp\/v2\/posts\/25054\/revisions"}],"wp:featuredmedia":[{"embeddable":true,"href":"https:\/\/wpserwis.cfolks.pl\/r2\/wp-json\/"}],"wp:attachment":[{"href":"https:\/\/wpserwis.cfolks.pl\/r2\/wp-json\/wp\/v2\/media?parent=25054"}],"wp:term":[{"taxonomy":"category","embeddable":true,"href":"https:\/\/wpserwis.cfolks.pl\/r2\/wp-json\/wp\/v2\/categories?post=25054"},{"taxonomy":"post_tag","embeddable":true,"href":"https:\/\/wpserwis.cfolks.pl\/r2\/wp-json\/wp\/v2\/tags?post=25054"}],"curies":[{"name":"wp","href":"https:\/\/api.w.org\/{rel}","templated":true}]}}