{"id":25079,"date":"2020-04-21T11:36:27","date_gmt":"2020-04-21T09:36:27","guid":{"rendered":"https:\/\/wtw.waw.pl\/?p=25079"},"modified":"2020-04-21T11:36:27","modified_gmt":"2020-04-21T09:36:27","slug":"dzialalnosc-przystani-osw-marina-w-okresie-epidemii","status":"publish","type":"post","link":"https:\/\/wpserwis.cfolks.pl\/r2\/dzialalnosc-przystani-osw-marina-w-okresie-epidemii\/","title":{"rendered":"DZIA\u0141ALNO\u015a\u0106 PRZYSTANI &#8222;OSW&#8221; MARINA W OKRESIE EPIDEMII"},"content":{"rendered":"\n<p>Informujemy, \u017ce w zwi\u0105zku z panuj\u0105cym na terenie kraju stanem epidemii spowodowanycm COVID-19, w \u017cycie wchodzi nowe Zarz\u0105dzenie Dyrektora Warszawskiego Towarzystwa Wio\u015blarskiego dotycz\u0105ce dzia\u0142alno\u015bci przystani &#8222;OSW&#8221; Marina w Zegrzu Po\u0142udniowym. <\/p>\n\n\n\n<p><strong>Na terenie portu przebywa\u0107 mo\u017ce jednorazowa maksymalnie do 30 os\u00f3b, nie licz\u0105c pracownik\u00f3w portu.<\/strong> Wi\u0119cej szczeg\u00f3\u0142\u00f3w znajduje si\u0119 w Zarz\u0105dzeniu Dyrektora, zamieszczonym poni\u017cej. <\/p>\n\n\n\n<div class=\"wp-block-file\"><a href=\"https:\/\/wpserwis.cfolks.pl\/r2\/wp-content\/uploads\/2020\/04\/Zarz%C4%85dzenie-Dyrektora-WTW-z-dnia-20.04.2020.pdf\">Zarz\u0105dzenie Dyrektora WTW z dnia 20.04.2020<\/a><a href=\"https:\/\/wpserwis.cfolks.pl\/r2\/wp-content\/uploads\/2020\/04\/Zarz%C4%85dzenie-Dyrektora-WTW-z-dnia-20.04.2020.pdf\" class=\"wp-block-file__button\" download>Pobierz<\/a><\/div>\n\n\n\n<p><\/p>\n","protected":false},"excerpt":{"rendered":"<p>Informujemy, \u017ce w zwi\u0105zku z panuj\u0105cym na terenie kraju stanem epidemii spowodowanycm COVID-19, w \u017cycie wchodzi nowe Zarz\u0105dzenie Dyrektora Warszawskiego Towarzystwa Wio\u015blarskiego dotycz\u0105ce dzia\u0142alno\u015bci przystani &#8222;OSW&#8221; Marina w Zegrzu Po\u0142udniowym. Na terenie portu przebywa\u0107 mo\u017ce jednorazowa maksymalnie do 30 os\u00f3b, nie licz\u0105c pracownik\u00f3w portu. Wi\u0119cej szczeg\u00f3\u0142\u00f3w znajduje si\u0119 w Zarz\u0105dzeniu Dyrektora, zamieszczonym poni\u017cej.<\/p>\n","protected":false},"author":1,"featured_media":24942,"comment_status":"closed","ping_status":"closed","sticky":false,"template":"","format":"standard","meta":{"_acf_changed":false,"footnotes":""},"categories":[1],"tags":[],"class_list":["post-25079","post","type-post","status-publish","format-standard","has-post-thumbnail","hentry","category-bez-kategorii"],"acf":[],"_links":{"self":[{"href":"https:\/\/wpserwis.cfolks.pl\/r2\/wp-json\/wp\/v2\/posts\/25079","targetHints":{"allow":["GET"]}}],"collection":[{"href":"https:\/\/wpserwis.cfolks.pl\/r2\/wp-json\/wp\/v2\/posts"}],"about":[{"href":"https:\/\/wpserwis.cfolks.pl\/r2\/wp-json\/wp\/v2\/types\/post"}],"author":[{"embeddable":true,"href":"https:\/\/wpserwis.cfolks.pl\/r2\/wp-json\/wp\/v2\/users\/1"}],"replies":[{"embeddable":true,"href":"https:\/\/wpserwis.cfolks.pl\/r2\/wp-json\/wp\/v2\/comments?post=25079"}],"version-history":[{"count":0,"href":"https:\/\/wpserwis.cfolks.pl\/r2\/wp-json\/wp\/v2\/posts\/25079\/revisions"}],"wp:featuredmedia":[{"embeddable":true,"href":"https:\/\/wpserwis.cfolks.pl\/r2\/wp-json\/"}],"wp:attachment":[{"href":"https:\/\/wpserwis.cfolks.pl\/r2\/wp-json\/wp\/v2\/media?parent=25079"}],"wp:term":[{"taxonomy":"category","embeddable":true,"href":"https:\/\/wpserwis.cfolks.pl\/r2\/wp-json\/wp\/v2\/categories?post=25079"},{"taxonomy":"post_tag","embeddable":true,"href":"https:\/\/wpserwis.cfolks.pl\/r2\/wp-json\/wp\/v2\/tags?post=25079"}],"curies":[{"name":"wp","href":"https:\/\/api.w.org\/{rel}","templated":true}]}}