{"id":25089,"date":"2020-05-06T15:26:51","date_gmt":"2020-05-06T13:26:51","guid":{"rendered":"https:\/\/wtw.waw.pl\/?p=25089"},"modified":"2020-05-06T15:26:51","modified_gmt":"2020-05-06T13:26:51","slug":"otwarcie-sezonu-sportowo-turystycznego-2020r","status":"publish","type":"post","link":"https:\/\/wpserwis.cfolks.pl\/r2\/otwarcie-sezonu-sportowo-turystycznego-2020r\/","title":{"rendered":"OTWARCIE SEZONU SPORTOWO &#8211; TURYSTYCZNEGO 2020r."},"content":{"rendered":"\n<p>Z przyjemno\u015bci\u0105 informujemy, i\u017c tegoroczne <strong>Otwarcie Sezonu<\/strong> odb\u0119dzie si\u0119 <strong>23 maja 2020r. na Przystani przy ul. Wio\u015blarskiej 6 o godzinie 10.00<\/strong>. <strong>Uroczysto\u015b\u0107 poprzedzona b\u0119dzie Msz\u0105 \u015awi\u0119t\u0105 w parafii \u015bw. Tr\u00f3jcy przy ul. Solec 61 o godzinie 9.00. <\/strong><\/p>\n\n\n\n<p>Ze wzgl\u0119du na panuj\u0105cy w kraju <strong>stan epidemii<\/strong>, aby zapewni\u0107 wszystkim Cz\u0142onkom, Zawodnikom oraz pracownikom Towarzystwa bezpiecze\u0144stwo, uroczysto\u015b\u0107 odb\u0119dzie si\u0119<strong> ON-LINE<\/strong>. Wyznaczone osoby z poszczeg\u00f3lnych organ\u00f3w WTW przyb\u0119d\u0105 osobi\u015bcie na Przysta\u0144, <strong>a ca\u0142o\u015b\u0107 obchod\u00f3w transmitowana b\u0119dzie na \u017cywo<\/strong> na mediach spo\u0142eczno\u015bciowych Towarzystwa. <\/p>\n\n\n\n<p style=\"text-align:left\">Obecni na uroczysto\u015bci b\u0119d\u0105: <\/p>\n\n\n\n<ul class=\"wp-block-list\"><li>Trzech Cz\u0142onk\u00f3w Zarz\u0105du Warszawskiego Towarzystwa Wio\u015blarskiego \u2013 Druh Bogus\u0142aw Siennicki, Druh Jaros\u0142aw Wolski, Druh Jacek Zalewski <\/li><li>Przewodnicz\u0105cy Komisji Rewizyjnej \u2013 Druh Wies\u0142aw Kobza  <\/li><li>Przewodnicz\u0105cy Komisji Etyki oraz Ko\u0142a Senior\u00f3w \u2013 Druh W\u0142adys\u0142aw Szustorowski <\/li><li>Chor\u0105\u017cy Towarzystwa \u2013 Druh S\u0142awomir Smoli\u0144ski  <\/li><li>Druh prowadz\u0105cy obchody  <\/li><li>Po dw\u00f3ch reprezentant\u00f3w ka\u017cdej z Sekcji WTW  <\/li><li>Zawodnik oddelegowany do podniesienia Flagi Towarzystwa na maszt  <\/li><\/ul>\n\n\n\n<p><\/p>\n\n\n\n<p><strong>Wszystkich Cz\u0142onk\u00f3w, Zawodnik\u00f3w oraz pracownik\u00f3w WTW gor\u0105co zach\u0119camy do \u015bledzenia obchod\u00f3w na \u017cywo! <\/strong><\/p>\n\n\n\n<p><\/p>\n","protected":false},"excerpt":{"rendered":"<p>Z przyjemno\u015bci\u0105 informujemy, i\u017c tegoroczne Otwarcie Sezonu odb\u0119dzie si\u0119 23 maja 2020r. na Przystani przy ul. Wio\u015blarskiej 6 o godzinie 10.00. Uroczysto\u015b\u0107 poprzedzona b\u0119dzie Msz\u0105 \u015awi\u0119t\u0105 w parafii \u015bw. Tr\u00f3jcy przy ul. Solec 61 o godzinie 9.00. Ze wzgl\u0119du na panuj\u0105cy w kraju stan epidemii, aby zapewni\u0107 wszystkim Cz\u0142onkom, Zawodnikom oraz pracownikom Towarzystwa bezpiecze\u0144stwo, uroczysto\u015b\u0107 [&hellip;]<\/p>\n","protected":false},"author":1,"featured_media":24676,"comment_status":"closed","ping_status":"closed","sticky":false,"template":"","format":"standard","meta":{"_acf_changed":false,"footnotes":""},"categories":[1],"tags":[],"class_list":["post-25089","post","type-post","status-publish","format-standard","has-post-thumbnail","hentry","category-bez-kategorii"],"acf":[],"_links":{"self":[{"href":"https:\/\/wpserwis.cfolks.pl\/r2\/wp-json\/wp\/v2\/posts\/25089","targetHints":{"allow":["GET"]}}],"collection":[{"href":"https:\/\/wpserwis.cfolks.pl\/r2\/wp-json\/wp\/v2\/posts"}],"about":[{"href":"https:\/\/wpserwis.cfolks.pl\/r2\/wp-json\/wp\/v2\/types\/post"}],"author":[{"embeddable":true,"href":"https:\/\/wpserwis.cfolks.pl\/r2\/wp-json\/wp\/v2\/users\/1"}],"replies":[{"embeddable":true,"href":"https:\/\/wpserwis.cfolks.pl\/r2\/wp-json\/wp\/v2\/comments?post=25089"}],"version-history":[{"count":0,"href":"https:\/\/wpserwis.cfolks.pl\/r2\/wp-json\/wp\/v2\/posts\/25089\/revisions"}],"wp:featuredmedia":[{"embeddable":true,"href":"https:\/\/wpserwis.cfolks.pl\/r2\/wp-json\/"}],"wp:attachment":[{"href":"https:\/\/wpserwis.cfolks.pl\/r2\/wp-json\/wp\/v2\/media?parent=25089"}],"wp:term":[{"taxonomy":"category","embeddable":true,"href":"https:\/\/wpserwis.cfolks.pl\/r2\/wp-json\/wp\/v2\/categories?post=25089"},{"taxonomy":"post_tag","embeddable":true,"href":"https:\/\/wpserwis.cfolks.pl\/r2\/wp-json\/wp\/v2\/tags?post=25089"}],"curies":[{"name":"wp","href":"https:\/\/api.w.org\/{rel}","templated":true}]}}