{"id":25108,"date":"2020-05-19T10:45:17","date_gmt":"2020-05-19T08:45:17","guid":{"rendered":"https:\/\/wtw.waw.pl\/?p=25108"},"modified":"2020-05-19T10:45:17","modified_gmt":"2020-05-19T08:45:17","slug":"otwarcie-sezonu-sportowo-turystycznego-2020","status":"publish","type":"post","link":"https:\/\/wpserwis.cfolks.pl\/r2\/otwarcie-sezonu-sportowo-turystycznego-2020\/","title":{"rendered":"OTWARCIE SEZONU SPORTOWO &#8211; TURYSTYCZNEGO 2020"},"content":{"rendered":"\n<p>Z przyjemno\u015bci\u0105 przypominamy, \u017ce tegoroczne Otwarcie Sezonu odb\u0119dzie si\u0119 ju\u017c w t\u0119 <strong>sobot\u0119 23.05.2020r.<\/strong>  na przystani Warszawskiego Towarzystwa Wio\u015blarskiego przy <strong>ul. Wio\u015blarskiej 6<\/strong>. <\/p>\n\n\n\n<p>Uroczysto\u015b\u0107 rozpocznie si\u0119 <strong>Msz\u0105 \u015awi\u0119t\u0105 w parafii \u015bw. Tr\u00f3jcy przy ul. Solec 61 o godzinie 9.00<\/strong>, nast\u0119pnie przeniesiemy si\u0119 na nasz\u0105 <strong>przysta\u0144, gdzie obchody zaczn\u0105 si\u0119 o 10.00<\/strong>. <\/p>\n\n\n\n<p>Wi\u0119cej informacji znale\u017a\u0107 mo\u017cna w poni\u017cszym linku. <\/p>\n\n\n\n<figure class=\"wp-block-embed-wordpress wp-block-embed is-type-wp-embed is-provider-wtw\"><div class=\"wp-block-embed__wrapper\">\n<blockquote class=\"wp-embedded-content\" data-secret=\"uQAX4AHXnt\"><a href=\"https:\/\/wpserwis.cfolks.pl\/r2\/otwarcie-sezonu-sportowo-turystycznego-2020r\/\">OTWARCIE SEZONU SPORTOWO &#8211; TURYSTYCZNEGO 2020r.<\/a><\/blockquote><iframe loading=\"lazy\" class=\"wp-embedded-content\" sandbox=\"allow-scripts\" security=\"restricted\" style=\"position: absolute; visibility: hidden;\" title=\"&#8222;OTWARCIE SEZONU SPORTOWO &#8211; TURYSTYCZNEGO 2020r.&#8221; &#8212; Warszawskie Towarzystwo Wio\u015blarskie\" src=\"https:\/\/wpserwis.cfolks.pl\/r2\/otwarcie-sezonu-sportowo-turystycznego-2020r\/embed\/#?secret=SFTTIYbOxQ#?secret=uQAX4AHXnt\" data-secret=\"uQAX4AHXnt\" width=\"600\" height=\"338\" frameborder=\"0\" marginwidth=\"0\" marginheight=\"0\" scrolling=\"no\"><\/iframe>\n<\/div><\/figure>\n\n\n\n<p>Zapraszamy! <\/p>\n\n\n\n<p><\/p>\n","protected":false},"excerpt":{"rendered":"<p>Z przyjemno\u015bci\u0105 przypominamy, \u017ce tegoroczne Otwarcie Sezonu odb\u0119dzie si\u0119 ju\u017c w t\u0119 sobot\u0119 23.05.2020r. na przystani Warszawskiego Towarzystwa Wio\u015blarskiego przy ul. Wio\u015blarskiej 6. Uroczysto\u015b\u0107 rozpocznie si\u0119 Msz\u0105 \u015awi\u0119t\u0105 w parafii \u015bw. Tr\u00f3jcy przy ul. Solec 61 o godzinie 9.00, nast\u0119pnie przeniesiemy si\u0119 na nasz\u0105 przysta\u0144, gdzie obchody zaczn\u0105 si\u0119 o 10.00. Wi\u0119cej informacji znale\u017a\u0107 mo\u017cna [&hellip;]<\/p>\n","protected":false},"author":1,"featured_media":24676,"comment_status":"closed","ping_status":"closed","sticky":false,"template":"","format":"standard","meta":{"_acf_changed":false,"footnotes":""},"categories":[1],"tags":[],"class_list":["post-25108","post","type-post","status-publish","format-standard","has-post-thumbnail","hentry","category-bez-kategorii"],"acf":[],"_links":{"self":[{"href":"https:\/\/wpserwis.cfolks.pl\/r2\/wp-json\/wp\/v2\/posts\/25108","targetHints":{"allow":["GET"]}}],"collection":[{"href":"https:\/\/wpserwis.cfolks.pl\/r2\/wp-json\/wp\/v2\/posts"}],"about":[{"href":"https:\/\/wpserwis.cfolks.pl\/r2\/wp-json\/wp\/v2\/types\/post"}],"author":[{"embeddable":true,"href":"https:\/\/wpserwis.cfolks.pl\/r2\/wp-json\/wp\/v2\/users\/1"}],"replies":[{"embeddable":true,"href":"https:\/\/wpserwis.cfolks.pl\/r2\/wp-json\/wp\/v2\/comments?post=25108"}],"version-history":[{"count":0,"href":"https:\/\/wpserwis.cfolks.pl\/r2\/wp-json\/wp\/v2\/posts\/25108\/revisions"}],"wp:featuredmedia":[{"embeddable":true,"href":"https:\/\/wpserwis.cfolks.pl\/r2\/wp-json\/"}],"wp:attachment":[{"href":"https:\/\/wpserwis.cfolks.pl\/r2\/wp-json\/wp\/v2\/media?parent=25108"}],"wp:term":[{"taxonomy":"category","embeddable":true,"href":"https:\/\/wpserwis.cfolks.pl\/r2\/wp-json\/wp\/v2\/categories?post=25108"},{"taxonomy":"post_tag","embeddable":true,"href":"https:\/\/wpserwis.cfolks.pl\/r2\/wp-json\/wp\/v2\/tags?post=25108"}],"curies":[{"name":"wp","href":"https:\/\/api.w.org\/{rel}","templated":true}]}}