{"id":25115,"date":"2020-05-26T11:32:40","date_gmt":"2020-05-26T09:32:40","guid":{"rendered":"https:\/\/wtw.waw.pl\/?p=25115"},"modified":"2020-05-26T11:32:40","modified_gmt":"2020-05-26T09:32:40","slug":"krzysztof-kalinski-trenerem-grupy-meskiej","status":"publish","type":"post","link":"https:\/\/wpserwis.cfolks.pl\/r2\/krzysztof-kalinski-trenerem-grupy-meskiej\/","title":{"rendered":"Krzysztof Kali\u0144ski trenerem grupy m\u0119skiej."},"content":{"rendered":"\n<p>Informujemy, \u017ce z pocz\u0105tkiem maja prac\u0119 szkoleniow\u0105 z grup\u0105 junior\u00f3w i m\u0142odzie\u017cowc\u00f3w rozpocz\u0105\u0142 tr. Krzysztof Kali\u0144ski.<\/p>\n\n\n\n<p>Wobec potrzeby znalezienia zast\u0119pstwa za tr. Micha\u0142a Je\u017cewskiego, kt\u00f3ry zako\u0144czy\u0142 wsp\u00f3\u0142prac\u0119 z WTW uda\u0142o si\u0119 znale\u017a\u0107 trenera z dobrym wykszta\u0142ceniem i bogatym do\u015bwiadczeniem sportowym.<\/p>\n\n\n\n<p>Tr. Krzysztof Kali\u0144ski jest absolwentem Akademii Wychowania Fizycznego i Sportu w Gda\u0144sku. Prac\u0119 trenersk\u0105 prowadzi\u0142 w P\u0142ockim Towarzystwie Wio\u015blarskim, powo\u0142ywany by\u0142 r\u00f3wnie\u017c do prowadzenia juniorskich grup kadry narodowej.<\/p>\n\n\n\n<p>Witamy na pok\u0142adzie i \u017cyczymy sukces\u00f3w w pracy szkoleniowej!<\/p>\n\n\n\n<figure class=\"wp-block-image\"><img decoding=\"async\" src=\"https:\/\/wpserwis.cfolks.pl\/r2\/wp-content\/uploads\/2020\/05\/999870_485839534843044_1837513205_n.jpg\" alt=\"\" class=\"wp-image-25117\"\/><\/figure>\n","protected":false},"excerpt":{"rendered":"<p>Informujemy, \u017ce z pocz\u0105tkiem maja prac\u0119 szkoleniow\u0105 z grup\u0105 junior\u00f3w i m\u0142odzie\u017cowc\u00f3w rozpocz\u0105\u0142 tr. Krzysztof Kali\u0144ski. Wobec potrzeby znalezienia zast\u0119pstwa za tr. Micha\u0142a Je\u017cewskiego, kt\u00f3ry zako\u0144czy\u0142 wsp\u00f3\u0142prac\u0119 z WTW uda\u0142o si\u0119 znale\u017a\u0107 trenera z dobrym wykszta\u0142ceniem i bogatym do\u015bwiadczeniem sportowym. Tr. Krzysztof Kali\u0144ski jest absolwentem Akademii Wychowania Fizycznego i Sportu w Gda\u0144sku. Prac\u0119 trenersk\u0105 prowadzi\u0142 [&hellip;]<\/p>\n","protected":false},"author":1,"featured_media":25120,"comment_status":"closed","ping_status":"closed","sticky":false,"template":"","format":"standard","meta":{"_acf_changed":false,"footnotes":""},"categories":[1],"tags":[],"class_list":["post-25115","post","type-post","status-publish","format-standard","has-post-thumbnail","hentry","category-bez-kategorii"],"acf":[],"_links":{"self":[{"href":"https:\/\/wpserwis.cfolks.pl\/r2\/wp-json\/wp\/v2\/posts\/25115","targetHints":{"allow":["GET"]}}],"collection":[{"href":"https:\/\/wpserwis.cfolks.pl\/r2\/wp-json\/wp\/v2\/posts"}],"about":[{"href":"https:\/\/wpserwis.cfolks.pl\/r2\/wp-json\/wp\/v2\/types\/post"}],"author":[{"embeddable":true,"href":"https:\/\/wpserwis.cfolks.pl\/r2\/wp-json\/wp\/v2\/users\/1"}],"replies":[{"embeddable":true,"href":"https:\/\/wpserwis.cfolks.pl\/r2\/wp-json\/wp\/v2\/comments?post=25115"}],"version-history":[{"count":0,"href":"https:\/\/wpserwis.cfolks.pl\/r2\/wp-json\/wp\/v2\/posts\/25115\/revisions"}],"wp:featuredmedia":[{"embeddable":true,"href":"https:\/\/wpserwis.cfolks.pl\/r2\/wp-json\/"}],"wp:attachment":[{"href":"https:\/\/wpserwis.cfolks.pl\/r2\/wp-json\/wp\/v2\/media?parent=25115"}],"wp:term":[{"taxonomy":"category","embeddable":true,"href":"https:\/\/wpserwis.cfolks.pl\/r2\/wp-json\/wp\/v2\/categories?post=25115"},{"taxonomy":"post_tag","embeddable":true,"href":"https:\/\/wpserwis.cfolks.pl\/r2\/wp-json\/wp\/v2\/tags?post=25115"}],"curies":[{"name":"wp","href":"https:\/\/api.w.org\/{rel}","templated":true}]}}