{"id":25128,"date":"2020-06-15T15:23:31","date_gmt":"2020-06-15T13:23:31","guid":{"rendered":"https:\/\/wtw.waw.pl\/?p=25128"},"modified":"2020-06-15T15:23:31","modified_gmt":"2020-06-15T13:23:31","slug":"informacja-dot-sprawozdawczo-wyborczego-walnego-zbrania-czlonkow-wtw-2020r","status":"publish","type":"post","link":"https:\/\/wpserwis.cfolks.pl\/r2\/informacja-dot-sprawozdawczo-wyborczego-walnego-zbrania-czlonkow-wtw-2020r\/","title":{"rendered":"INFORMACJA DOT. SPRAWOZDAWCZO \u2013 WYBORCZEGO WALNEGO ZBRANIA CZ\u0141ONK\u00d3W WTW 2020r."},"content":{"rendered":"\n<p>Uprzejmie informujemy, i\u017c w zwi\u0105zku z panuj\u0105c\u0105 na terenie kraju <em>pandemi\u0105 COVID \u2013 19<\/em> <strong>Zarz\u0105d Warszawskiego Towarzystwa Wio\u015blarskiego, w konsultacji z Komisj\u0105 Porozumiewawcz\u0105, Komisj\u0105 Rewizyjn\u0105 oraz Komisj\u0105 Etyki i Spraw Cz\u0142onkowskich, podj\u0105\u0142 decyzj\u0119, \u017ce tegoroczne Walne Zebranie Cz\u0142onk\u00f3w b\u0119dzie musia\u0142o si\u0119 odby\u0107 na prze\u0142omie wrze\u015bnia i pa\u017adziernika br.<\/strong> Z przyczyn technicznych nie ma mo\u017cliwo\u015bci przeprowadzenia Zebrania zdalnie (on-line), a jako i\u017c liczba Cz\u0142onk\u00f3w naszego Towarzystwa dochodzi do niemal 150 os\u00f3b, nie mo\u017cemy przeprowadzi\u0107 Zebrania w normalnym trybie stacjonarnym \u2013 Rozporz\u0105dzenie Rady Ministr\u00f3w pozwala na organizacj\u0119 wydarze\u0144 do maksymalnie 150 os\u00f3b \u2013 ze wzgl\u0119d\u00f3w bezpiecze\u0144stwa nie mo\u017cemy pozwoli\u0107 sobie na mo\u017cliwo\u015b\u0107 przekroczenia tej liczby. Pozostajemy w oczekiwaniu na dalsze Rozporz\u0105dzenia w\u0142adz pa\u0144stwowych, zgodnie z kt\u00f3rymi b\u0119dziemy mogli przeprowadzi\u0107 Zebranie w spos\u00f3b bezpieczny dla wszystkich naszych Cz\u0142onk\u00f3w. <\/p>\n\n\n\n<p><strong>Zgodnie ze Statutem Warszawskiego Towarzystwa Wio\u015blarskiego o terminie zbli\u017caj\u0105cego si\u0119 Zebrania wszyscy Cz\u0142onkowie poinformowani zostan\u0105 na miesi\u0105c przed planowanym terminem. <\/strong><\/p>\n\n\n\n<p>O wszelkich zmianach informowa\u0107 b\u0119dziemy na bie\u017c\u0105co. <\/p>\n\n\n\n<figure class=\"wp-block-image\"><img decoding=\"async\" src=\"https:\/\/wpserwis.cfolks.pl\/r2\/wp-content\/uploads\/2019\/11\/herb.jpg\" alt=\"\" class=\"wp-image-24676\"\/><\/figure>\n","protected":false},"excerpt":{"rendered":"<p>Uprzejmie informujemy, i\u017c w zwi\u0105zku z panuj\u0105c\u0105 na terenie kraju pandemi\u0105 COVID \u2013 19 Zarz\u0105d Warszawskiego Towarzystwa Wio\u015blarskiego, w konsultacji z Komisj\u0105 Porozumiewawcz\u0105, Komisj\u0105 Rewizyjn\u0105 oraz Komisj\u0105 Etyki i Spraw Cz\u0142onkowskich, podj\u0105\u0142 decyzj\u0119, \u017ce tegoroczne Walne Zebranie Cz\u0142onk\u00f3w b\u0119dzie musia\u0142o si\u0119 odby\u0107 na prze\u0142omie wrze\u015bnia i pa\u017adziernika br. Z przyczyn technicznych nie ma mo\u017cliwo\u015bci przeprowadzenia [&hellip;]<\/p>\n","protected":false},"author":1,"featured_media":25017,"comment_status":"closed","ping_status":"closed","sticky":false,"template":"","format":"standard","meta":{"_acf_changed":false,"footnotes":""},"categories":[1],"tags":[],"class_list":["post-25128","post","type-post","status-publish","format-standard","has-post-thumbnail","hentry","category-bez-kategorii"],"acf":[],"_links":{"self":[{"href":"https:\/\/wpserwis.cfolks.pl\/r2\/wp-json\/wp\/v2\/posts\/25128","targetHints":{"allow":["GET"]}}],"collection":[{"href":"https:\/\/wpserwis.cfolks.pl\/r2\/wp-json\/wp\/v2\/posts"}],"about":[{"href":"https:\/\/wpserwis.cfolks.pl\/r2\/wp-json\/wp\/v2\/types\/post"}],"author":[{"embeddable":true,"href":"https:\/\/wpserwis.cfolks.pl\/r2\/wp-json\/wp\/v2\/users\/1"}],"replies":[{"embeddable":true,"href":"https:\/\/wpserwis.cfolks.pl\/r2\/wp-json\/wp\/v2\/comments?post=25128"}],"version-history":[{"count":0,"href":"https:\/\/wpserwis.cfolks.pl\/r2\/wp-json\/wp\/v2\/posts\/25128\/revisions"}],"wp:featuredmedia":[{"embeddable":true,"href":"https:\/\/wpserwis.cfolks.pl\/r2\/wp-json\/"}],"wp:attachment":[{"href":"https:\/\/wpserwis.cfolks.pl\/r2\/wp-json\/wp\/v2\/media?parent=25128"}],"wp:term":[{"taxonomy":"category","embeddable":true,"href":"https:\/\/wpserwis.cfolks.pl\/r2\/wp-json\/wp\/v2\/categories?post=25128"},{"taxonomy":"post_tag","embeddable":true,"href":"https:\/\/wpserwis.cfolks.pl\/r2\/wp-json\/wp\/v2\/tags?post=25128"}],"curies":[{"name":"wp","href":"https:\/\/api.w.org\/{rel}","templated":true}]}}