{"id":25135,"date":"2020-06-29T09:27:12","date_gmt":"2020-06-29T07:27:12","guid":{"rendered":"https:\/\/wtw.waw.pl\/?p=25135"},"modified":"2020-06-29T09:27:12","modified_gmt":"2020-06-29T07:27:12","slug":"potwierdzono-termin-mistrzostw-europy-juniorow-w-belgradzie","status":"publish","type":"post","link":"https:\/\/wpserwis.cfolks.pl\/r2\/potwierdzono-termin-mistrzostw-europy-juniorow-w-belgradzie\/","title":{"rendered":"POTWIERDZONO TERMIN MISTRZOSTW EUROPY JUNIOR\u00d3W W BELGRADZIE!"},"content":{"rendered":"\n<p>Z przyjemono\u015bci\u0105 przekazujemy dalej informacj\u0119, i\u017c potwierdzony zosta\u0142 termin <strong>Mistrzostw Europy Junior\u00f3w w Belgradzie!<\/strong> <strong>Odb\u0119d\u0105 si\u0119 one 26-27 wrze\u015bnia 2020r.<\/strong> Pierwotny termin regat ustalony by\u0142 na koniec maja, jednak przez wybuch pandemii COVID &#8211; 19, musia\u0142y zosta\u0107 one odwo\u0142ane. <\/p>\n\n\n\n<p>Zach\u0119camy do zapoznania si\u0119 z informacjami podawanymi przez Polski Zwi\u0105zek Towarzystyw Wio\u015blarskich. <\/p>\n\n\n\n<p><a href=\"http:\/\/pztw.pl\/aktualnosci\/wiadomosci\/1211-FISA%20potwierdza%20termin%20Mistrzostw%20Europy%20Junior%C3%B3w%20w%20Belgradzie?fbclid=IwAR1c9gwJFQY_BV2Ez6_7H1sA_OGoIzjNdx-u_nHUkNZDZ6AUukdZ2FQyAc8\">http:\/\/pztw.pl\/aktualnosci\/wiadomosci\/1211-FISA%20potwierdza%20termin%20Mistrzostw%20Europy%20Junior%C3%B3w%20w%20Belgradzie?fbclid=IwAR1c9gwJFQY_BV2Ez6_7H1sA_OGoIzjNdx-u_nHUkNZDZ6AUukdZ2FQyAc8<\/a><\/p>\n\n\n\n<p><\/p>\n","protected":false},"excerpt":{"rendered":"<p>Z przyjemono\u015bci\u0105 przekazujemy dalej informacj\u0119, i\u017c potwierdzony zosta\u0142 termin Mistrzostw Europy Junior\u00f3w w Belgradzie! Odb\u0119d\u0105 si\u0119 one 26-27 wrze\u015bnia 2020r. Pierwotny termin regat ustalony by\u0142 na koniec maja, jednak przez wybuch pandemii COVID &#8211; 19, musia\u0142y zosta\u0107 one odwo\u0142ane. Zach\u0119camy do zapoznania si\u0119 z informacjami podawanymi przez Polski Zwi\u0105zek Towarzystyw Wio\u015blarskich. http:\/\/pztw.pl\/aktualnosci\/wiadomosci\/1211-FISA%20potwierdza%20termin%20Mistrzostw%20Europy%20Junior%C3%B3w%20w%20Belgradzie?fbclid=IwAR1c9gwJFQY_BV2Ez6_7H1sA_OGoIzjNdx-u_nHUkNZDZ6AUukdZ2FQyAc8<\/p>\n","protected":false},"author":1,"featured_media":25137,"comment_status":"closed","ping_status":"closed","sticky":false,"template":"","format":"standard","meta":{"_acf_changed":false,"footnotes":""},"categories":[1],"tags":[],"class_list":["post-25135","post","type-post","status-publish","format-standard","has-post-thumbnail","hentry","category-bez-kategorii"],"acf":[],"_links":{"self":[{"href":"https:\/\/wpserwis.cfolks.pl\/r2\/wp-json\/wp\/v2\/posts\/25135","targetHints":{"allow":["GET"]}}],"collection":[{"href":"https:\/\/wpserwis.cfolks.pl\/r2\/wp-json\/wp\/v2\/posts"}],"about":[{"href":"https:\/\/wpserwis.cfolks.pl\/r2\/wp-json\/wp\/v2\/types\/post"}],"author":[{"embeddable":true,"href":"https:\/\/wpserwis.cfolks.pl\/r2\/wp-json\/wp\/v2\/users\/1"}],"replies":[{"embeddable":true,"href":"https:\/\/wpserwis.cfolks.pl\/r2\/wp-json\/wp\/v2\/comments?post=25135"}],"version-history":[{"count":0,"href":"https:\/\/wpserwis.cfolks.pl\/r2\/wp-json\/wp\/v2\/posts\/25135\/revisions"}],"wp:featuredmedia":[{"embeddable":true,"href":"https:\/\/wpserwis.cfolks.pl\/r2\/wp-json\/"}],"wp:attachment":[{"href":"https:\/\/wpserwis.cfolks.pl\/r2\/wp-json\/wp\/v2\/media?parent=25135"}],"wp:term":[{"taxonomy":"category","embeddable":true,"href":"https:\/\/wpserwis.cfolks.pl\/r2\/wp-json\/wp\/v2\/categories?post=25135"},{"taxonomy":"post_tag","embeddable":true,"href":"https:\/\/wpserwis.cfolks.pl\/r2\/wp-json\/wp\/v2\/tags?post=25135"}],"curies":[{"name":"wp","href":"https:\/\/api.w.org\/{rel}","templated":true}]}}