{"id":25145,"date":"2020-07-01T09:29:09","date_gmt":"2020-07-01T07:29:09","guid":{"rendered":"https:\/\/wtw.waw.pl\/?p=25145"},"modified":"2020-07-01T09:29:09","modified_gmt":"2020-07-01T07:29:09","slug":"kajakarze-wyjezdzaja-na-oboz","status":"publish","type":"post","link":"https:\/\/wpserwis.cfolks.pl\/r2\/kajakarze-wyjezdzaja-na-oboz\/","title":{"rendered":"KAJAKARZE WYJE\u017bD\u017bAJ\u0104 NA OB\u00d3Z!"},"content":{"rendered":"\n<p>Dzi\u015b z rana nasi kajakarze jako pierwsi wyje\u017cd\u017caj\u0105 na letni ob\u00f3z! <strong>W O\u015brodku wypoczynkowym w Mar\u00f3zie zabawi\u0105 do 21 lipca.<\/strong> <\/p>\n\n\n\n<p>Przez pewien czas, w wyniku pandemii COVID &#8211; 19, wyjazd sta\u0142 pod znakiem zapytania, jednak na szcz\u0119\u015bcie, przy wprowadzeniu w \u017cycie wszelkich wymaganych \u015brodk\u00f3w ostro\u017cno\u015bci uda\u0142o si\u0119 go jednak zaplanowa\u0107. <\/p>\n\n\n\n<p><strong>Razem z zawodnikami cieszymy si\u0119 z ich wyjazdu i \u017cyczymy udanego obozu! <\/strong><\/p>\n\n\n\n<p><\/p>\n","protected":false},"excerpt":{"rendered":"<p>Dzi\u015b z rana nasi kajakarze jako pierwsi wyje\u017cd\u017caj\u0105 na letni ob\u00f3z! W O\u015brodku wypoczynkowym w Mar\u00f3zie zabawi\u0105 do 21 lipca. Przez pewien czas, w wyniku pandemii COVID &#8211; 19, wyjazd sta\u0142 pod znakiem zapytania, jednak na szcz\u0119\u015bcie, przy wprowadzeniu w \u017cycie wszelkich wymaganych \u015brodk\u00f3w ostro\u017cno\u015bci uda\u0142o si\u0119 go jednak zaplanowa\u0107. Razem z zawodnikami cieszymy si\u0119 [&hellip;]<\/p>\n","protected":false},"author":1,"featured_media":25143,"comment_status":"closed","ping_status":"closed","sticky":false,"template":"","format":"standard","meta":{"_acf_changed":false,"footnotes":""},"categories":[1],"tags":[],"class_list":["post-25145","post","type-post","status-publish","format-standard","has-post-thumbnail","hentry","category-bez-kategorii"],"acf":[],"_links":{"self":[{"href":"https:\/\/wpserwis.cfolks.pl\/r2\/wp-json\/wp\/v2\/posts\/25145","targetHints":{"allow":["GET"]}}],"collection":[{"href":"https:\/\/wpserwis.cfolks.pl\/r2\/wp-json\/wp\/v2\/posts"}],"about":[{"href":"https:\/\/wpserwis.cfolks.pl\/r2\/wp-json\/wp\/v2\/types\/post"}],"author":[{"embeddable":true,"href":"https:\/\/wpserwis.cfolks.pl\/r2\/wp-json\/wp\/v2\/users\/1"}],"replies":[{"embeddable":true,"href":"https:\/\/wpserwis.cfolks.pl\/r2\/wp-json\/wp\/v2\/comments?post=25145"}],"version-history":[{"count":0,"href":"https:\/\/wpserwis.cfolks.pl\/r2\/wp-json\/wp\/v2\/posts\/25145\/revisions"}],"wp:featuredmedia":[{"embeddable":true,"href":"https:\/\/wpserwis.cfolks.pl\/r2\/wp-json\/"}],"wp:attachment":[{"href":"https:\/\/wpserwis.cfolks.pl\/r2\/wp-json\/wp\/v2\/media?parent=25145"}],"wp:term":[{"taxonomy":"category","embeddable":true,"href":"https:\/\/wpserwis.cfolks.pl\/r2\/wp-json\/wp\/v2\/categories?post=25145"},{"taxonomy":"post_tag","embeddable":true,"href":"https:\/\/wpserwis.cfolks.pl\/r2\/wp-json\/wp\/v2\/tags?post=25145"}],"curies":[{"name":"wp","href":"https:\/\/api.w.org\/{rel}","templated":true}]}}