{"id":25151,"date":"2020-07-07T10:47:57","date_gmt":"2020-07-07T08:47:57","guid":{"rendered":"https:\/\/wtw.waw.pl\/?p=25151"},"modified":"2020-07-07T10:47:57","modified_gmt":"2020-07-07T08:47:57","slug":"kapitan-palemon-po-wielu-latach-opuscil-przystan-przy-ul-zaruskiego-12","status":"publish","type":"post","link":"https:\/\/wpserwis.cfolks.pl\/r2\/kapitan-palemon-po-wielu-latach-opuscil-przystan-przy-ul-zaruskiego-12\/","title":{"rendered":"KAPITAN PALEMON PO WIELU LATACH OPU\u015aCI\u0141 PRZYSTA\u0143 PRZY UL. ZARUSKIEGO 12"},"content":{"rendered":"\n<p>W sobot\u0119 04.07.2020r. po kilkudziesi\u0119ciu latach stacjonowania na przystani Warszawskiego Towarzystwa Wio\u015blarskiego przy ul. Zaruskiego 12, nasz\u0105 siedzib\u0119 opu\u015bci\u0142 jacht<strong><em> Kapitan Palemon<\/em><\/strong>. Jacht nale\u017cy do jednego z wieloletnich Cz\u0142onk\u00f3w Towarzystwa &#8211; Druha Andrzeja Olszewskiego, kt\u00f3ry cz\u0119\u015bci\u0105 WTW jest od 1983 roku. <\/p>\n\n\n\n<p>Z g\u0142owami pe\u0142nymi wspomnie\u0144 \u017cegnamy jacht, kt\u00f3ry przez tyle lat stanowi\u0142 nieod\u0142\u0105czn\u0105 cz\u0119\u015b\u0107 wystroju przystani OSW Zaruskiego oraz pomaga\u0142 tworzy\u0107 klimat tego wyj\u0105tkowego miejsca. <\/p>\n\n\n\n<figure class=\"wp-block-image\"><img decoding=\"async\" src=\"https:\/\/wpserwis.cfolks.pl\/r2\/wp-content\/uploads\/2020\/07\/tak-2-1024x768.jpg\" alt=\"\" class=\"wp-image-25154\"\/><\/figure>\n\n\n\n<figure class=\"wp-block-image\"><img decoding=\"async\" src=\"https:\/\/wpserwis.cfolks.pl\/r2\/wp-content\/uploads\/2020\/07\/tak-1-e1594111575837-768x1024.jpg\" alt=\"\" class=\"wp-image-25153\"\/><\/figure>\n\n\n\n<figure class=\"wp-block-image\"><img decoding=\"async\" src=\"https:\/\/wpserwis.cfolks.pl\/r2\/wp-content\/uploads\/2020\/07\/tak-4-1024x768.jpg\" alt=\"\" class=\"wp-image-25156\"\/><\/figure>\n","protected":false},"excerpt":{"rendered":"<p>W sobot\u0119 04.07.2020r. po kilkudziesi\u0119ciu latach stacjonowania na przystani Warszawskiego Towarzystwa Wio\u015blarskiego przy ul. Zaruskiego 12, nasz\u0105 siedzib\u0119 opu\u015bci\u0142 jacht Kapitan Palemon. Jacht nale\u017cy do jednego z wieloletnich Cz\u0142onk\u00f3w Towarzystwa &#8211; Druha Andrzeja Olszewskiego, kt\u00f3ry cz\u0119\u015bci\u0105 WTW jest od 1983 roku. Z g\u0142owami pe\u0142nymi wspomnie\u0144 \u017cegnamy jacht, kt\u00f3ry przez tyle lat stanowi\u0142 nieod\u0142\u0105czn\u0105 cz\u0119\u015b\u0107 wystroju [&hellip;]<\/p>\n","protected":false},"author":1,"featured_media":25155,"comment_status":"closed","ping_status":"closed","sticky":false,"template":"","format":"standard","meta":{"_acf_changed":false,"footnotes":""},"categories":[1],"tags":[],"class_list":["post-25151","post","type-post","status-publish","format-standard","has-post-thumbnail","hentry","category-bez-kategorii"],"acf":[],"_links":{"self":[{"href":"https:\/\/wpserwis.cfolks.pl\/r2\/wp-json\/wp\/v2\/posts\/25151","targetHints":{"allow":["GET"]}}],"collection":[{"href":"https:\/\/wpserwis.cfolks.pl\/r2\/wp-json\/wp\/v2\/posts"}],"about":[{"href":"https:\/\/wpserwis.cfolks.pl\/r2\/wp-json\/wp\/v2\/types\/post"}],"author":[{"embeddable":true,"href":"https:\/\/wpserwis.cfolks.pl\/r2\/wp-json\/wp\/v2\/users\/1"}],"replies":[{"embeddable":true,"href":"https:\/\/wpserwis.cfolks.pl\/r2\/wp-json\/wp\/v2\/comments?post=25151"}],"version-history":[{"count":0,"href":"https:\/\/wpserwis.cfolks.pl\/r2\/wp-json\/wp\/v2\/posts\/25151\/revisions"}],"wp:featuredmedia":[{"embeddable":true,"href":"https:\/\/wpserwis.cfolks.pl\/r2\/wp-json\/"}],"wp:attachment":[{"href":"https:\/\/wpserwis.cfolks.pl\/r2\/wp-json\/wp\/v2\/media?parent=25151"}],"wp:term":[{"taxonomy":"category","embeddable":true,"href":"https:\/\/wpserwis.cfolks.pl\/r2\/wp-json\/wp\/v2\/categories?post=25151"},{"taxonomy":"post_tag","embeddable":true,"href":"https:\/\/wpserwis.cfolks.pl\/r2\/wp-json\/wp\/v2\/tags?post=25151"}],"curies":[{"name":"wp","href":"https:\/\/api.w.org\/{rel}","templated":true}]}}