{"id":25165,"date":"2020-07-17T17:16:35","date_gmt":"2020-07-17T15:16:35","guid":{"rendered":"https:\/\/wtw.waw.pl\/?p=25165"},"modified":"2020-07-17T17:16:35","modified_gmt":"2020-07-17T15:16:35","slug":"odsloniecie-tablicy-upamietniajacej-udzial-wtw-w-wojnie-1920r","status":"publish","type":"post","link":"https:\/\/wpserwis.cfolks.pl\/r2\/odsloniecie-tablicy-upamietniajacej-udzial-wtw-w-wojnie-1920r\/","title":{"rendered":"Ods\u0142oni\u0119cie tablicy upami\u0119tniaj\u0105cej udzia\u0142 WTW w wojnie 1920r."},"content":{"rendered":"\n<p>W setn\u0105 rocznic\u0119 powo\u0142ania Armii Ochotniczej uroczy\u015bcie ods\u0142oni\u0119ta \nzosta\u0142a tablica upami\u0119tniaj\u0105ca ten wielki zryw narodowy i wk\u0142ad WTW.<\/p>\n\n\n\n<p>Nasze Towarzystwo od pocz\u0105tk\u00f3w istnienia skupia\u0142o si\u0119 na dzia\u0142aniach \npatriotycznych. W obliczu ofensywy Armii Czerwonej WTW wystawi\u0142o oddzia\u0142\n wartowniczy do ochrony warszawskich most\u00f3w licz\u0105cy 6 pluton\u00f3w (560 \nos\u00f3b).<br>\n<\/p>\n\n\n\n<p>Uroczystego ods\u0142oni\u0119cia tablicy dokona\u0142 prezes Warszawskiego Towarzystwa \nWio\u015blarskiego Bogus\u0142aw Siennicki oraz prezes Instytutu Pami\u0119ci Narodowej\n dr Jaros\u0142aw Szarek.<\/p>\n\n\n\n<p>Wydarzenie u\u015bwietnili swoj\u0105 obecno\u015bci\u0105: Jaros\u0142aw Sellin (sekretarz \nstanu w Ministerstwie Kultury i Dziedzictwa Narodowego), &nbsp;Ma\u0142gorzata \nGosiewska (wicemarsza\u0142ek Sejmu RP), Jaros\u0142aw Wolski (z-ca prezesa \nPolskiego Zwi\u0105zku Towarzystw Wio\u015blarskich i z-ca prezesa Warszawskiego \nTowarzystwa&nbsp;Wio\u015blarskiego) oraz inni przedstawiciele Towarzystwa \nWio\u015blarskiego i Instytutu Pami\u0119ci Narodowej, a tak\u017ce m.st. Warszawy, \nSztabu Generalnego Wojska Polskiego oraz warszawskich urz\u0119d\u00f3w, muze\u00f3w, \ninstytucji kulturalnych i naukowych.<\/p>\n\n\n\n<p>Ceremoni\u0119 z\u0142o\u017cenia kwiat\u00f3w poprzedzi\u0142a modlitwa\u00a0 i po\u015bwi\u0119cenie  tablicy przez proboszcza parafii \u015aw. Tr\u00f3jcy i Jezusa Nazare\u0144skiego w  Warszawie.<\/p>\n\n\n\n<p>Zdj. IPN.GOV.PL<\/p>\n\n\n\n<p><a href=\"https:\/\/warszawa.ipn.gov.pl\/waw\/aktualnosci\/103140,Uroczyste-odsloniecie-tablicy-upamietniajacej-udzial-czlonkow-Warszawskiego-Towa.html\">Link do relacji na stronie organizatora wydarzenia &#8211;  <\/a><strong><a href=\"https:\/\/warszawa.ipn.gov.pl\/waw\/aktualnosci\/103140,Uroczyste-odsloniecie-tablicy-upamietniajacej-udzial-czlonkow-Warszawskiego-Towa.html\">Oddzia\u0142 Instytutu Pami\u0119ci Narodowej w Warszawie<\/a><\/strong> <\/p>\n\n\n\n<figure class=\"wp-block-image\"><img decoding=\"async\" src=\"https:\/\/wpserwis.cfolks.pl\/r2\/wp-content\/uploads\/2020\/07\/88-441585-841x1024.jpg\" alt=\"\" class=\"wp-image-25167\"\/><\/figure>\n\n\n\n<figure class=\"wp-block-image\"><img decoding=\"async\" src=\"https:\/\/wpserwis.cfolks.pl\/r2\/wp-content\/uploads\/2020\/07\/88-441864-1024x768.jpg\" alt=\"\" class=\"wp-image-25168\"\/><\/figure>\n\n\n\n<figure class=\"wp-block-image\"><img decoding=\"async\" src=\"https:\/\/wpserwis.cfolks.pl\/r2\/wp-content\/uploads\/2020\/07\/88-441879-1024x768.jpg\" alt=\"\" class=\"wp-image-25169\"\/><\/figure>\n\n\n\n<figure class=\"wp-block-image\"><img decoding=\"async\" src=\"blob:https:\/\/wtw.waw.pl\/3e582a58-163e-45cf-8906-5a8629c76a4f\" alt=\"\"\/><\/figure>\n","protected":false},"excerpt":{"rendered":"<p>W setn\u0105 rocznic\u0119 powo\u0142ania Armii Ochotniczej uroczy\u015bcie ods\u0142oni\u0119ta zosta\u0142a tablica upami\u0119tniaj\u0105ca ten wielki zryw narodowy i wk\u0142ad WTW. Nasze Towarzystwo od pocz\u0105tk\u00f3w istnienia skupia\u0142o si\u0119 na dzia\u0142aniach patriotycznych. W obliczu ofensywy Armii Czerwonej WTW wystawi\u0142o oddzia\u0142 wartowniczy do ochrony warszawskich most\u00f3w licz\u0105cy 6 pluton\u00f3w (560 os\u00f3b). Uroczystego ods\u0142oni\u0119cia tablicy dokona\u0142 prezes Warszawskiego Towarzystwa Wio\u015blarskiego Bogus\u0142aw [&hellip;]<\/p>\n","protected":false},"author":1,"featured_media":25166,"comment_status":"closed","ping_status":"closed","sticky":false,"template":"","format":"standard","meta":{"_acf_changed":false,"footnotes":""},"categories":[1],"tags":[],"class_list":["post-25165","post","type-post","status-publish","format-standard","has-post-thumbnail","hentry","category-bez-kategorii"],"acf":[],"_links":{"self":[{"href":"https:\/\/wpserwis.cfolks.pl\/r2\/wp-json\/wp\/v2\/posts\/25165","targetHints":{"allow":["GET"]}}],"collection":[{"href":"https:\/\/wpserwis.cfolks.pl\/r2\/wp-json\/wp\/v2\/posts"}],"about":[{"href":"https:\/\/wpserwis.cfolks.pl\/r2\/wp-json\/wp\/v2\/types\/post"}],"author":[{"embeddable":true,"href":"https:\/\/wpserwis.cfolks.pl\/r2\/wp-json\/wp\/v2\/users\/1"}],"replies":[{"embeddable":true,"href":"https:\/\/wpserwis.cfolks.pl\/r2\/wp-json\/wp\/v2\/comments?post=25165"}],"version-history":[{"count":0,"href":"https:\/\/wpserwis.cfolks.pl\/r2\/wp-json\/wp\/v2\/posts\/25165\/revisions"}],"wp:featuredmedia":[{"embeddable":true,"href":"https:\/\/wpserwis.cfolks.pl\/r2\/wp-json\/"}],"wp:attachment":[{"href":"https:\/\/wpserwis.cfolks.pl\/r2\/wp-json\/wp\/v2\/media?parent=25165"}],"wp:term":[{"taxonomy":"category","embeddable":true,"href":"https:\/\/wpserwis.cfolks.pl\/r2\/wp-json\/wp\/v2\/categories?post=25165"},{"taxonomy":"post_tag","embeddable":true,"href":"https:\/\/wpserwis.cfolks.pl\/r2\/wp-json\/wp\/v2\/tags?post=25165"}],"curies":[{"name":"wp","href":"https:\/\/api.w.org\/{rel}","templated":true}]}}