{"id":25183,"date":"2020-08-13T09:55:21","date_gmt":"2020-08-13T07:55:21","guid":{"rendered":"https:\/\/wtw.waw.pl\/?p=25183"},"modified":"2020-08-13T09:55:21","modified_gmt":"2020-08-13T07:55:21","slug":"mistrzostwa-europy-seniorow-w-poznaniu-potwierdzone","status":"publish","type":"post","link":"https:\/\/wpserwis.cfolks.pl\/r2\/mistrzostwa-europy-seniorow-w-poznaniu-potwierdzone\/","title":{"rendered":"MISTRZOSTWA EUROPY SENIOR\u00d3W W POZNANIU POTWIERDZONE!"},"content":{"rendered":"\n<p>Z przyjemno\u015bci\u0105 informujemy, \u017ce oficjalnie <strong>potwierdzone zosta\u0142y Mistrzostwa Europy Senior\u00f3w<\/strong>. Regaty odb\u0119d\u0105 si\u0119 w <strong>Poznaniu w terminie 9 &#8211; 11 pa\u017adziernika 2020r<\/strong>. Pierwotnie impreza mia\u0142a odby\u0107 si\u0119 na pocz\u0105tku czerwca, zosta\u0142a ona jednak przeniesonia ze wzgl\u0119du na panuj\u0105c\u0105 pandemi\u0119 koronawirusa. <\/p>\n\n\n\n<p>Wszystkie informacje pochodz\u0105 z oficjalnej strony Polskiego Zwi\u0105zku Towarzystw Wio\u015blarskich. Zach\u0119camy do zapoznania si\u0119 ze szczeg\u00f3\u0142ami na ich stronie. <\/p>\n\n\n\n<p><a href=\"http:\/\/www.pztw.pl\/aktualnosci\/wiadomosci\/1243-jest-ostateczna-decyzja-w-sprawie-mistrzostw-europy-seniorow-w-poznaniu\">http:\/\/www.pztw.pl\/aktualnosci\/wiadomosci\/1243-jest-ostateczna-decyzja-w-sprawie-mistrzostw-europy-seniorow-w-poznaniu<\/a>  <\/p>\n\n\n\n<p>\u017byczymy wytrwa\u0142o\u015bci w treningach i doskona\u0142ych wynik\u00f3w wszyskim wio\u015blarzom! <\/p>\n\n\n\n<p><\/p>\n","protected":false},"excerpt":{"rendered":"<p>Z przyjemno\u015bci\u0105 informujemy, \u017ce oficjalnie potwierdzone zosta\u0142y Mistrzostwa Europy Senior\u00f3w. Regaty odb\u0119d\u0105 si\u0119 w Poznaniu w terminie 9 &#8211; 11 pa\u017adziernika 2020r. Pierwotnie impreza mia\u0142a odby\u0107 si\u0119 na pocz\u0105tku czerwca, zosta\u0142a ona jednak przeniesonia ze wzgl\u0119du na panuj\u0105c\u0105 pandemi\u0119 koronawirusa. Wszystkie informacje pochodz\u0105 z oficjalnej strony Polskiego Zwi\u0105zku Towarzystw Wio\u015blarskich. Zach\u0119camy do zapoznania si\u0119 ze [&hellip;]<\/p>\n","protected":false},"author":1,"featured_media":25184,"comment_status":"closed","ping_status":"closed","sticky":false,"template":"","format":"standard","meta":{"_acf_changed":false,"footnotes":""},"categories":[1],"tags":[],"class_list":["post-25183","post","type-post","status-publish","format-standard","has-post-thumbnail","hentry","category-bez-kategorii"],"acf":[],"_links":{"self":[{"href":"https:\/\/wpserwis.cfolks.pl\/r2\/wp-json\/wp\/v2\/posts\/25183","targetHints":{"allow":["GET"]}}],"collection":[{"href":"https:\/\/wpserwis.cfolks.pl\/r2\/wp-json\/wp\/v2\/posts"}],"about":[{"href":"https:\/\/wpserwis.cfolks.pl\/r2\/wp-json\/wp\/v2\/types\/post"}],"author":[{"embeddable":true,"href":"https:\/\/wpserwis.cfolks.pl\/r2\/wp-json\/wp\/v2\/users\/1"}],"replies":[{"embeddable":true,"href":"https:\/\/wpserwis.cfolks.pl\/r2\/wp-json\/wp\/v2\/comments?post=25183"}],"version-history":[{"count":0,"href":"https:\/\/wpserwis.cfolks.pl\/r2\/wp-json\/wp\/v2\/posts\/25183\/revisions"}],"wp:featuredmedia":[{"embeddable":true,"href":"https:\/\/wpserwis.cfolks.pl\/r2\/wp-json\/"}],"wp:attachment":[{"href":"https:\/\/wpserwis.cfolks.pl\/r2\/wp-json\/wp\/v2\/media?parent=25183"}],"wp:term":[{"taxonomy":"category","embeddable":true,"href":"https:\/\/wpserwis.cfolks.pl\/r2\/wp-json\/wp\/v2\/categories?post=25183"},{"taxonomy":"post_tag","embeddable":true,"href":"https:\/\/wpserwis.cfolks.pl\/r2\/wp-json\/wp\/v2\/tags?post=25183"}],"curies":[{"name":"wp","href":"https:\/\/api.w.org\/{rel}","templated":true}]}}