{"id":25300,"date":"2020-09-04T13:30:20","date_gmt":"2020-09-04T11:30:20","guid":{"rendered":"https:\/\/wtw.waw.pl\/?p=25300"},"modified":"2020-09-04T13:30:20","modified_gmt":"2020-09-04T11:30:20","slug":"walne-zebranie-sprawozdawczo-wyborcze-czlonkow-wtw","status":"publish","type":"post","link":"https:\/\/wpserwis.cfolks.pl\/r2\/walne-zebranie-sprawozdawczo-wyborcze-czlonkow-wtw\/","title":{"rendered":"WALNE ZEBRANIE SPRAWOZDAWCZO &#8211; WYBORCZE CZ\u0141ONK\u00d3W WTW"},"content":{"rendered":"\n<p>Z przyjemno\u015bci\u0105 informujemy, i\u017c og\u0142oszony zosta\u0142 termin <strong>Walnego Zebrania Sprawozdawczo &#8211; Wyborczego Cz\u0142onk\u00f3w Warszawskiego Towarzystwa Wio\u015blarskiego<\/strong>. Zebranie odb\u0119dzie si\u0119 <strong>26 wcze\u015bnia 2020r. (sobota) na przystani WTW przy ul. Wio\u015blarskiej 6 &#8211; I &#8211; szy temin godzina 10:00, II &#8211; gi temin godzina 10:15<\/strong>. <\/p>\n\n\n\n<p>Poni\u017cej zamieszczamy materia\u0142y na Walne Zebranie Cz\u0142onk\u00f3w. <\/p>\n\n\n\n<div class=\"wp-block-file\"><a href=\"https:\/\/wpserwis.cfolks.pl\/r2\/wp-content\/uploads\/2020\/09\/Zaproszenie-oraz-porz%C4%85dek-obrad-Walnego-Zebrania-Sprawozdawczo-Wyborczego-Cz%C5%82onk%C3%B3w-WTW-2020r.-.pdf\">Zaproszenie oraz porz\u0105dek obrad Walnego Zebrania Sprawozdawczo &#8211; Wyborczego Cz\u0142onk\u00f3w WTW 2020r.<\/a><a href=\"https:\/\/wpserwis.cfolks.pl\/r2\/wp-content\/uploads\/2020\/09\/Zaproszenie-oraz-porz%C4%85dek-obrad-Walnego-Zebrania-Sprawozdawczo-Wyborczego-Cz%C5%82onk%C3%B3w-WTW-2020r.-.pdf\" class=\"wp-block-file__button\" download>Pobierz<\/a><\/div>\n\n\n\n<div class=\"wp-block-file\"><a href=\"https:\/\/wpserwis.cfolks.pl\/r2\/wp-content\/uploads\/2020\/09\/Propozycje-zmian-w-Statucie-WTW.pdf\">Propozycje zmian w Statucie WTW<\/a><a href=\"https:\/\/wpserwis.cfolks.pl\/r2\/wp-content\/uploads\/2020\/09\/Propozycje-zmian-w-Statucie-WTW.pdf\" class=\"wp-block-file__button\" download>Pobierz<\/a><\/div>\n\n\n\n<p><\/p>\n\n\n\n<p><\/p>\n","protected":false},"excerpt":{"rendered":"<p>Z przyjemno\u015bci\u0105 informujemy, i\u017c og\u0142oszony zosta\u0142 termin Walnego Zebrania Sprawozdawczo &#8211; Wyborczego Cz\u0142onk\u00f3w Warszawskiego Towarzystwa Wio\u015blarskiego. Zebranie odb\u0119dzie si\u0119 26 wcze\u015bnia 2020r. (sobota) na przystani WTW przy ul. Wio\u015blarskiej 6 &#8211; I &#8211; szy temin godzina 10:00, II &#8211; gi temin godzina 10:15. Poni\u017cej zamieszczamy materia\u0142y na Walne Zebranie Cz\u0142onk\u00f3w.<\/p>\n","protected":false},"author":1,"featured_media":25017,"comment_status":"closed","ping_status":"closed","sticky":false,"template":"","format":"standard","meta":{"_acf_changed":false,"footnotes":""},"categories":[1],"tags":[],"class_list":["post-25300","post","type-post","status-publish","format-standard","has-post-thumbnail","hentry","category-bez-kategorii"],"acf":[],"_links":{"self":[{"href":"https:\/\/wpserwis.cfolks.pl\/r2\/wp-json\/wp\/v2\/posts\/25300","targetHints":{"allow":["GET"]}}],"collection":[{"href":"https:\/\/wpserwis.cfolks.pl\/r2\/wp-json\/wp\/v2\/posts"}],"about":[{"href":"https:\/\/wpserwis.cfolks.pl\/r2\/wp-json\/wp\/v2\/types\/post"}],"author":[{"embeddable":true,"href":"https:\/\/wpserwis.cfolks.pl\/r2\/wp-json\/wp\/v2\/users\/1"}],"replies":[{"embeddable":true,"href":"https:\/\/wpserwis.cfolks.pl\/r2\/wp-json\/wp\/v2\/comments?post=25300"}],"version-history":[{"count":0,"href":"https:\/\/wpserwis.cfolks.pl\/r2\/wp-json\/wp\/v2\/posts\/25300\/revisions"}],"wp:featuredmedia":[{"embeddable":true,"href":"https:\/\/wpserwis.cfolks.pl\/r2\/wp-json\/"}],"wp:attachment":[{"href":"https:\/\/wpserwis.cfolks.pl\/r2\/wp-json\/wp\/v2\/media?parent=25300"}],"wp:term":[{"taxonomy":"category","embeddable":true,"href":"https:\/\/wpserwis.cfolks.pl\/r2\/wp-json\/wp\/v2\/categories?post=25300"},{"taxonomy":"post_tag","embeddable":true,"href":"https:\/\/wpserwis.cfolks.pl\/r2\/wp-json\/wp\/v2\/tags?post=25300"}],"curies":[{"name":"wp","href":"https:\/\/api.w.org\/{rel}","templated":true}]}}