{"id":25311,"date":"2020-09-07T10:49:07","date_gmt":"2020-09-07T08:49:07","guid":{"rendered":"https:\/\/wtw.waw.pl\/?p=25311"},"modified":"2020-09-07T10:49:07","modified_gmt":"2020-09-07T08:49:07","slug":"trzy-medale-na-mistrzostwach-polski-juniorow","status":"publish","type":"post","link":"https:\/\/wpserwis.cfolks.pl\/r2\/trzy-medale-na-mistrzostwach-polski-juniorow\/","title":{"rendered":"TRZY MEDALE NA MISTRZOSTWACH POLSKI JUNIOR\u00d3W!"},"content":{"rendered":"\n<p>Z ogromn\u0105 przyjemno\u015bci\u0105 informujemy, \u017ce nasze osady zaprezentowa\u0142y rewelacyjn\u0105 form\u0119 na <strong>Mistrzostwach Polski Junior\u00f3w<\/strong>! <\/p>\n\n\n\n<p><strong>Ula O\u017carowska<\/strong> wywalczy\u0142a <strong>drugie miejsce na jedynce<\/strong>! <\/p>\n\n\n\n<p>Dziewczyny na czw\u00f3rce: <strong>Maria Szelejewska, Urszula Zawadzka, Sonia Gnatowska i Ula O\u017carowska<\/strong> zdoby\u0142y <strong>trzecie miejsce<\/strong>! <\/p>\n\n\n\n<p>Natomiast nasi panowie na dw\u00f3jce podw\u00f3jnej: <strong>Konrad Doma\u0144ski i \u0141ukasz Bajorek<\/strong> zdobyli <strong>srebro<\/strong> w swojej konkurencji! <\/p>\n\n\n\n<p>Serdecznie gratulujemy doskona\u0142ych wynik\u00f3w! Wszystkim startuj\u0105cym \u017cyczymy du\u017co sportowego ducha i \u015bwietnych start\u00f3w w przysz\u0142o\u015bci! <\/p>\n\n\n\n<p>Ogromne gratulacje nale\u017c\u0105 si\u0119 oczywi\u015bcie r\u00f3wnie\u017c trenerom: Danucie Kotwi\u0144skiej i Krzy\u015bkowi Kali\u0144skiemu za mn\u00f3stwo ci\u0119\u017ckiej pracy! <\/p>\n\n\n\n<p>Oby tak dalej! <\/p>\n\n\n\n<figure class=\"wp-block-image\"><img decoding=\"async\" src=\"https:\/\/wpserwis.cfolks.pl\/r2\/wp-content\/uploads\/2020\/09\/119026995_3613856715314145_8376720513140298517_n.jpg\" alt=\"\" class=\"wp-image-25316\"\/><\/figure>\n\n\n\n<figure class=\"wp-block-image\"><img decoding=\"async\" src=\"https:\/\/wpserwis.cfolks.pl\/r2\/wp-content\/uploads\/2020\/09\/119026548_3613856628647487_5259404426463247852_n.jpg\" alt=\"\" class=\"wp-image-25315\"\/><\/figure>\n\n\n\n<figure class=\"wp-block-image\"><img decoding=\"async\" src=\"https:\/\/wpserwis.cfolks.pl\/r2\/wp-content\/uploads\/2020\/09\/118999919_3613856955314121_5462755735768097684_n.jpg\" alt=\"\" class=\"wp-image-25314\"\/><\/figure>\n\n\n\n<figure class=\"wp-block-image\"><img decoding=\"async\" src=\"https:\/\/wpserwis.cfolks.pl\/r2\/wp-content\/uploads\/2020\/09\/119045165_3613856575314159_3101242888928018703_n.jpg\" alt=\"\" class=\"wp-image-25313\"\/><\/figure>\n\n\n\n<p><\/p>\n\n\n\n<p><\/p>\n","protected":false},"excerpt":{"rendered":"<p>Z ogromn\u0105 przyjemno\u015bci\u0105 informujemy, \u017ce nasze osady zaprezentowa\u0142y rewelacyjn\u0105 form\u0119 na Mistrzostwach Polski Junior\u00f3w! Ula O\u017carowska wywalczy\u0142a drugie miejsce na jedynce! Dziewczyny na czw\u00f3rce: Maria Szelejewska, Urszula Zawadzka, Sonia Gnatowska i Ula O\u017carowska zdoby\u0142y trzecie miejsce! Natomiast nasi panowie na dw\u00f3jce podw\u00f3jnej: Konrad Doma\u0144ski i \u0141ukasz Bajorek zdobyli srebro w swojej konkurencji! Serdecznie gratulujemy doskona\u0142ych [&hellip;]<\/p>\n","protected":false},"author":1,"featured_media":25312,"comment_status":"closed","ping_status":"closed","sticky":false,"template":"","format":"standard","meta":{"_acf_changed":false,"footnotes":""},"categories":[1],"tags":[],"class_list":["post-25311","post","type-post","status-publish","format-standard","has-post-thumbnail","hentry","category-bez-kategorii"],"acf":[],"_links":{"self":[{"href":"https:\/\/wpserwis.cfolks.pl\/r2\/wp-json\/wp\/v2\/posts\/25311","targetHints":{"allow":["GET"]}}],"collection":[{"href":"https:\/\/wpserwis.cfolks.pl\/r2\/wp-json\/wp\/v2\/posts"}],"about":[{"href":"https:\/\/wpserwis.cfolks.pl\/r2\/wp-json\/wp\/v2\/types\/post"}],"author":[{"embeddable":true,"href":"https:\/\/wpserwis.cfolks.pl\/r2\/wp-json\/wp\/v2\/users\/1"}],"replies":[{"embeddable":true,"href":"https:\/\/wpserwis.cfolks.pl\/r2\/wp-json\/wp\/v2\/comments?post=25311"}],"version-history":[{"count":0,"href":"https:\/\/wpserwis.cfolks.pl\/r2\/wp-json\/wp\/v2\/posts\/25311\/revisions"}],"wp:featuredmedia":[{"embeddable":true,"href":"https:\/\/wpserwis.cfolks.pl\/r2\/wp-json\/"}],"wp:attachment":[{"href":"https:\/\/wpserwis.cfolks.pl\/r2\/wp-json\/wp\/v2\/media?parent=25311"}],"wp:term":[{"taxonomy":"category","embeddable":true,"href":"https:\/\/wpserwis.cfolks.pl\/r2\/wp-json\/wp\/v2\/categories?post=25311"},{"taxonomy":"post_tag","embeddable":true,"href":"https:\/\/wpserwis.cfolks.pl\/r2\/wp-json\/wp\/v2\/tags?post=25311"}],"curies":[{"name":"wp","href":"https:\/\/api.w.org\/{rel}","templated":true}]}}