{"id":25426,"date":"2020-09-11T13:47:21","date_gmt":"2020-09-11T11:47:21","guid":{"rendered":"https:\/\/wtw.waw.pl\/?p=25426"},"modified":"2020-09-11T13:47:21","modified_gmt":"2020-09-11T11:47:21","slug":"sprawozdanie-wtw-warszawa-za-okres-marzec-2019-wrzesien-2020","status":"publish","type":"post","link":"https:\/\/wpserwis.cfolks.pl\/r2\/sprawozdanie-wtw-warszawa-za-okres-marzec-2019-wrzesien-2020\/","title":{"rendered":"SPRAWOZDANIE WTW WARSZAWA ZA OKRES MARZEC 2019 &#8211; WRZESIE\u0143 2020"},"content":{"rendered":"\n<p><strong>Szanowne Druhny, Szanowni Druhowie<\/strong> \u2013 uprzejmie informujemy, \u017ce od  dnia 11.09.2020r. macie mo\u017cliwo\u015b\u0107 zapoznania si\u0119 ze <strong>sprawozdaniem z  dzia\u0142alno\u015bci statutowej i finansowej WTW Warszawa za okres 30 marca 2019r. &#8211; 26 wrze\u015bnia 2020r. <\/strong><\/p>\n\n\n\n<p>Sprawozdanie zosta\u0142o udost\u0119pnione, w sali Zarz\u0105du WTW Warszawa, na przystani przy ul. Zaruskiego 12.<\/p>\n\n\n\n<p><\/p>\n","protected":false},"excerpt":{"rendered":"<p>Szanowne Druhny, Szanowni Druhowie \u2013 uprzejmie informujemy, \u017ce od dnia 11.09.2020r. macie mo\u017cliwo\u015b\u0107 zapoznania si\u0119 ze sprawozdaniem z dzia\u0142alno\u015bci statutowej i finansowej WTW Warszawa za okres 30 marca 2019r. &#8211; 26 wrze\u015bnia 2020r. Sprawozdanie zosta\u0142o udost\u0119pnione, w sali Zarz\u0105du WTW Warszawa, na przystani przy ul. Zaruskiego 12.<\/p>\n","protected":false},"author":1,"featured_media":23761,"comment_status":"closed","ping_status":"closed","sticky":false,"template":"","format":"standard","meta":{"_acf_changed":false,"footnotes":""},"categories":[1],"tags":[],"class_list":["post-25426","post","type-post","status-publish","format-standard","has-post-thumbnail","hentry","category-bez-kategorii"],"acf":[],"_links":{"self":[{"href":"https:\/\/wpserwis.cfolks.pl\/r2\/wp-json\/wp\/v2\/posts\/25426","targetHints":{"allow":["GET"]}}],"collection":[{"href":"https:\/\/wpserwis.cfolks.pl\/r2\/wp-json\/wp\/v2\/posts"}],"about":[{"href":"https:\/\/wpserwis.cfolks.pl\/r2\/wp-json\/wp\/v2\/types\/post"}],"author":[{"embeddable":true,"href":"https:\/\/wpserwis.cfolks.pl\/r2\/wp-json\/wp\/v2\/users\/1"}],"replies":[{"embeddable":true,"href":"https:\/\/wpserwis.cfolks.pl\/r2\/wp-json\/wp\/v2\/comments?post=25426"}],"version-history":[{"count":0,"href":"https:\/\/wpserwis.cfolks.pl\/r2\/wp-json\/wp\/v2\/posts\/25426\/revisions"}],"wp:featuredmedia":[{"embeddable":true,"href":"https:\/\/wpserwis.cfolks.pl\/r2\/wp-json\/"}],"wp:attachment":[{"href":"https:\/\/wpserwis.cfolks.pl\/r2\/wp-json\/wp\/v2\/media?parent=25426"}],"wp:term":[{"taxonomy":"category","embeddable":true,"href":"https:\/\/wpserwis.cfolks.pl\/r2\/wp-json\/wp\/v2\/categories?post=25426"},{"taxonomy":"post_tag","embeddable":true,"href":"https:\/\/wpserwis.cfolks.pl\/r2\/wp-json\/wp\/v2\/tags?post=25426"}],"curies":[{"name":"wp","href":"https:\/\/api.w.org\/{rel}","templated":true}]}}