{"id":25431,"date":"2020-09-15T16:14:11","date_gmt":"2020-09-15T14:14:11","guid":{"rendered":"https:\/\/wtw.waw.pl\/?p=25431"},"modified":"2020-09-15T16:14:11","modified_gmt":"2020-09-15T14:14:11","slug":"zebranie-sekcji-wioslarskiej","status":"publish","type":"post","link":"https:\/\/wpserwis.cfolks.pl\/r2\/zebranie-sekcji-wioslarskiej\/","title":{"rendered":"ZEBRANIE SEKCJI WIO\u015aLARSKIEJ"},"content":{"rendered":"\n<p>Infomujemy, i\u017c kierownictwo Sekcji Turystyki Wio\u015blarskiej zwo\u0142uje <strong>zebranie sekcji<\/strong> przed Walnym Zebraniem Sprawozdawczo-Wyborczym Cz\u0142onk\u00f3w WTW. <\/p>\n\n\n\n<p>Zebranie odb\u0119dzie si\u0119 <strong>dn. 22.09.2020r. o godz. 19.00 w sali konferencyjnej na przystani WTW przy ul. Wio\u015blarskiej 6.<\/strong> <\/p>\n\n\n\n<p>Serdecznie zapraszamy wszyskich zainteresowanych. <\/p>\n\n\n\n<figure class=\"wp-block-image\"><img decoding=\"async\" src=\"https:\/\/wpserwis.cfolks.pl\/r2\/wp-content\/uploads\/2020\/03\/unnamed.jpg\" alt=\"\" class=\"wp-image-25023\"\/><\/figure>\n","protected":false},"excerpt":{"rendered":"<p>Infomujemy, i\u017c kierownictwo Sekcji Turystyki Wio\u015blarskiej zwo\u0142uje zebranie sekcji przed Walnym Zebraniem Sprawozdawczo-Wyborczym Cz\u0142onk\u00f3w WTW. Zebranie odb\u0119dzie si\u0119 dn. 22.09.2020r. o godz. 19.00 w sali konferencyjnej na przystani WTW przy ul. Wio\u015blarskiej 6. Serdecznie zapraszamy wszyskich zainteresowanych.<\/p>\n","protected":false},"author":1,"featured_media":25017,"comment_status":"closed","ping_status":"closed","sticky":false,"template":"","format":"standard","meta":{"_acf_changed":false,"footnotes":""},"categories":[1],"tags":[],"class_list":["post-25431","post","type-post","status-publish","format-standard","has-post-thumbnail","hentry","category-bez-kategorii"],"acf":[],"_links":{"self":[{"href":"https:\/\/wpserwis.cfolks.pl\/r2\/wp-json\/wp\/v2\/posts\/25431","targetHints":{"allow":["GET"]}}],"collection":[{"href":"https:\/\/wpserwis.cfolks.pl\/r2\/wp-json\/wp\/v2\/posts"}],"about":[{"href":"https:\/\/wpserwis.cfolks.pl\/r2\/wp-json\/wp\/v2\/types\/post"}],"author":[{"embeddable":true,"href":"https:\/\/wpserwis.cfolks.pl\/r2\/wp-json\/wp\/v2\/users\/1"}],"replies":[{"embeddable":true,"href":"https:\/\/wpserwis.cfolks.pl\/r2\/wp-json\/wp\/v2\/comments?post=25431"}],"version-history":[{"count":0,"href":"https:\/\/wpserwis.cfolks.pl\/r2\/wp-json\/wp\/v2\/posts\/25431\/revisions"}],"wp:featuredmedia":[{"embeddable":true,"href":"https:\/\/wpserwis.cfolks.pl\/r2\/wp-json\/"}],"wp:attachment":[{"href":"https:\/\/wpserwis.cfolks.pl\/r2\/wp-json\/wp\/v2\/media?parent=25431"}],"wp:term":[{"taxonomy":"category","embeddable":true,"href":"https:\/\/wpserwis.cfolks.pl\/r2\/wp-json\/wp\/v2\/categories?post=25431"},{"taxonomy":"post_tag","embeddable":true,"href":"https:\/\/wpserwis.cfolks.pl\/r2\/wp-json\/wp\/v2\/tags?post=25431"}],"curies":[{"name":"wp","href":"https:\/\/api.w.org\/{rel}","templated":true}]}}