{"id":25443,"date":"2020-09-24T10:55:41","date_gmt":"2020-09-24T08:55:41","guid":{"rendered":"https:\/\/wtw.waw.pl\/?p=25443"},"modified":"2020-09-24T10:55:41","modified_gmt":"2020-09-24T08:55:41","slug":"przypomnienie-walne-zebranie-sprawozdawczo-wyborcze-wtw","status":"publish","type":"post","link":"https:\/\/wpserwis.cfolks.pl\/r2\/przypomnienie-walne-zebranie-sprawozdawczo-wyborcze-wtw\/","title":{"rendered":"PRZYPOMNIENIE &#8211; WALNE ZEBRANIE SPRAWOZDAWCZO &#8211; WYBORCZE WTW"},"content":{"rendered":"\n<p>Przypominamy o zbli\u017caj\u0105cym si\u0119 terminie Walnego Zebrania  Sprawozdawczo \u2013 Wyborczego Cz\u0142onk\u00f3w Warszawskiego Towarzystwa  Wio\u015blarskiego. <\/p>\n\n\n\n<p> Zebranie odb\u0119dzie si\u0119 <strong>26 wcze\u015bnia 2020r. (sobota) na przystani WTW przy ul. Wio\u015blarskiej 6 \u2013 I \u2013 szy temin godzina 10:00, II \u2013 gi temin godzina 10:15<\/strong>.<\/p>\n\n\n\n<p>Zach\u0119camy do zapoznania si\u0119 z materia\u0142ami na Zebranie w poni\u017cszym linku. <\/p>\n\n\n\n<figure class=\"wp-block-embed-wordpress wp-block-embed is-type-wp-embed is-provider-wtw\"><div class=\"wp-block-embed__wrapper\">\n<blockquote class=\"wp-embedded-content\" data-secret=\"5sRTeeKyn4\"><a href=\"https:\/\/wpserwis.cfolks.pl\/r2\/walne-zebranie-sprawozdawczo-wyborcze-czlonkow-wtw\/\">WALNE ZEBRANIE SPRAWOZDAWCZO &#8211; WYBORCZE CZ\u0141ONK\u00d3W WTW<\/a><\/blockquote><iframe loading=\"lazy\" class=\"wp-embedded-content\" sandbox=\"allow-scripts\" security=\"restricted\" style=\"position: absolute; visibility: hidden;\" title=\"&#8222;WALNE ZEBRANIE SPRAWOZDAWCZO &#8211; WYBORCZE CZ\u0141ONK\u00d3W WTW&#8221; &#8212; Warszawskie Towarzystwo Wio\u015blarskie\" src=\"https:\/\/wpserwis.cfolks.pl\/r2\/walne-zebranie-sprawozdawczo-wyborcze-czlonkow-wtw\/embed\/#?secret=h2kkzkgLZ9#?secret=5sRTeeKyn4\" data-secret=\"5sRTeeKyn4\" width=\"600\" height=\"338\" frameborder=\"0\" marginwidth=\"0\" marginheight=\"0\" scrolling=\"no\"><\/iframe>\n<\/div><\/figure>\n\n\n\n<p><\/p>\n\n\n\n<p><\/p>\n","protected":false},"excerpt":{"rendered":"<p>Przypominamy o zbli\u017caj\u0105cym si\u0119 terminie Walnego Zebrania Sprawozdawczo \u2013 Wyborczego Cz\u0142onk\u00f3w Warszawskiego Towarzystwa Wio\u015blarskiego. Zebranie odb\u0119dzie si\u0119 26 wcze\u015bnia 2020r. (sobota) na przystani WTW przy ul. Wio\u015blarskiej 6 \u2013 I \u2013 szy temin godzina 10:00, II \u2013 gi temin godzina 10:15. Zach\u0119camy do zapoznania si\u0119 z materia\u0142ami na Zebranie w poni\u017cszym linku.<\/p>\n","protected":false},"author":1,"featured_media":25023,"comment_status":"closed","ping_status":"closed","sticky":false,"template":"","format":"standard","meta":{"_acf_changed":false,"footnotes":""},"categories":[1],"tags":[],"class_list":["post-25443","post","type-post","status-publish","format-standard","has-post-thumbnail","hentry","category-bez-kategorii"],"acf":[],"_links":{"self":[{"href":"https:\/\/wpserwis.cfolks.pl\/r2\/wp-json\/wp\/v2\/posts\/25443","targetHints":{"allow":["GET"]}}],"collection":[{"href":"https:\/\/wpserwis.cfolks.pl\/r2\/wp-json\/wp\/v2\/posts"}],"about":[{"href":"https:\/\/wpserwis.cfolks.pl\/r2\/wp-json\/wp\/v2\/types\/post"}],"author":[{"embeddable":true,"href":"https:\/\/wpserwis.cfolks.pl\/r2\/wp-json\/wp\/v2\/users\/1"}],"replies":[{"embeddable":true,"href":"https:\/\/wpserwis.cfolks.pl\/r2\/wp-json\/wp\/v2\/comments?post=25443"}],"version-history":[{"count":0,"href":"https:\/\/wpserwis.cfolks.pl\/r2\/wp-json\/wp\/v2\/posts\/25443\/revisions"}],"wp:featuredmedia":[{"embeddable":true,"href":"https:\/\/wpserwis.cfolks.pl\/r2\/wp-json\/"}],"wp:attachment":[{"href":"https:\/\/wpserwis.cfolks.pl\/r2\/wp-json\/wp\/v2\/media?parent=25443"}],"wp:term":[{"taxonomy":"category","embeddable":true,"href":"https:\/\/wpserwis.cfolks.pl\/r2\/wp-json\/wp\/v2\/categories?post=25443"},{"taxonomy":"post_tag","embeddable":true,"href":"https:\/\/wpserwis.cfolks.pl\/r2\/wp-json\/wp\/v2\/tags?post=25443"}],"curies":[{"name":"wp","href":"https:\/\/api.w.org\/{rel}","templated":true}]}}