{"id":25553,"date":"2020-09-30T10:07:49","date_gmt":"2020-09-30T08:07:49","guid":{"rendered":"https:\/\/wtw.waw.pl\/?p=25553"},"modified":"2020-09-30T10:07:49","modified_gmt":"2020-09-30T08:07:49","slug":"aktualnosci-po-walnym-zebraniu-sprawozdawczo-wyborczym-czlonkow-wtw","status":"publish","type":"post","link":"https:\/\/wpserwis.cfolks.pl\/r2\/aktualnosci-po-walnym-zebraniu-sprawozdawczo-wyborczym-czlonkow-wtw\/","title":{"rendered":"AKTUALNO\u015aCI PO WALNYM ZEBRANIU SPRAWOZDAWCZO &#8211; WYBORCZYM CZ\u0141ONK\u00d3W WTW"},"content":{"rendered":"\n<p>Z przyjemno\u015bci\u0105 informujemy, \u017ce w sobot\u0119 <strong>26 wrze\u015bnia 2020 roku<\/strong>, skutecznie uda\u0142o si\u0119 zorganizowa\u0107 i przeprowadzi\u0107<strong> Walne Zebranie Sprawozdawczo &#8211; Wyborcze Cz\u0142onk\u00f3w WTW<\/strong>. <\/p>\n\n\n\n<p>Walne Zebranie zdecydowa\u0142o o <strong>przed\u0142u\u017ceniu o kolejn\u0105 kadencj\u0119 prezesury druha Bogus\u0142awa Siennickiego<\/strong>. <\/p>\n\n\n\n<p><strong>Zarz\u0105d Towarzystwa<\/strong> ukonstytuowa\u0142 si\u0119 w nast\u0119puj\u0105cym sk\u0142adzie: <\/p>\n\n\n\n<ul class=\"wp-block-list\"><li>Prezes WTW &#8211; Bogus\u0142aw Siennicki <\/li><li>Sekretarz &#8211; Micha\u0142 Starczewski <\/li><li>Wiceprezes ds Sportu &#8211; Jaros\u0142aw Wolski <\/li><li>Wiceprezes ds Finansowych &#8211; Krzysztof Rutte <\/li><li>Wiceprezes ds Turystyki i Rekreacji &#8211; Jacek Zalewski <\/li><\/ul>\n\n\n\n<p><\/p>\n\n\n\n<p>W sk\u0142ad <strong>Komisji Rewizyjnej<\/strong> weszli: <\/p>\n\n\n\n<ul class=\"wp-block-list\"><li>Przewodnicz\u0105cy &#8211; Robert Pietrzak <\/li><li>Zast\u0119pca Przewodnicz\u0105cego &#8211; Wies\u0142aw Kobza <\/li><li>Sekretarz &#8211; Urszula Zawadzka <\/li><li>Cz\u0142onkowie Komisji &#8211; \u0141ukasz Bruski oraz Zuzanna Duda <\/li><li>Zast\u0119pca Cz\u0142onka &#8211; Rafa\u0142 Sisicki<\/li><\/ul>\n\n\n\n<p><\/p>\n\n\n\n<p>Natomiast do<strong> Komisji Etyki i Spraw Cz\u0142onkowskich<\/strong> wybrani zostali: <\/p>\n\n\n\n<ul class=\"wp-block-list\"><li>Przewodnicz\u0105cy &#8211; W\u0142adys\u0142aw Szustorowski <\/li><li>Zast\u0119pca Przewodnicz\u0105cego &#8211; Ignacy Rudzi\u0144ski <\/li><li>Sekretarz &#8211; S\u0142awomir Smoli\u0144ski <\/li><li>Cz\u0142onkowie &#8211; Micha\u0142 Je\u017cewski oraz Dominik Brodziak <\/li><\/ul>\n\n\n\n<p><\/p>\n\n\n\n<p>Dzi\u0119kujemy wszyskich druhnom i druhom za uczestnictwo w Zebraniu! <\/p>\n\n\n\n<p><\/p>\n","protected":false},"excerpt":{"rendered":"<p>Z przyjemno\u015bci\u0105 informujemy, \u017ce w sobot\u0119 26 wrze\u015bnia 2020 roku, skutecznie uda\u0142o si\u0119 zorganizowa\u0107 i przeprowadzi\u0107 Walne Zebranie Sprawozdawczo &#8211; Wyborcze Cz\u0142onk\u00f3w WTW. Walne Zebranie zdecydowa\u0142o o przed\u0142u\u017ceniu o kolejn\u0105 kadencj\u0119 prezesury druha Bogus\u0142awa Siennickiego. Zarz\u0105d Towarzystwa ukonstytuowa\u0142 si\u0119 w nast\u0119puj\u0105cym sk\u0142adzie: Prezes WTW &#8211; Bogus\u0142aw Siennicki Sekretarz &#8211; Micha\u0142 Starczewski Wiceprezes ds Sportu &#8211; [&hellip;]<\/p>\n","protected":false},"author":1,"featured_media":24676,"comment_status":"closed","ping_status":"closed","sticky":false,"template":"","format":"standard","meta":{"_acf_changed":false,"footnotes":""},"categories":[1],"tags":[],"class_list":["post-25553","post","type-post","status-publish","format-standard","has-post-thumbnail","hentry","category-bez-kategorii"],"acf":[],"_links":{"self":[{"href":"https:\/\/wpserwis.cfolks.pl\/r2\/wp-json\/wp\/v2\/posts\/25553","targetHints":{"allow":["GET"]}}],"collection":[{"href":"https:\/\/wpserwis.cfolks.pl\/r2\/wp-json\/wp\/v2\/posts"}],"about":[{"href":"https:\/\/wpserwis.cfolks.pl\/r2\/wp-json\/wp\/v2\/types\/post"}],"author":[{"embeddable":true,"href":"https:\/\/wpserwis.cfolks.pl\/r2\/wp-json\/wp\/v2\/users\/1"}],"replies":[{"embeddable":true,"href":"https:\/\/wpserwis.cfolks.pl\/r2\/wp-json\/wp\/v2\/comments?post=25553"}],"version-history":[{"count":0,"href":"https:\/\/wpserwis.cfolks.pl\/r2\/wp-json\/wp\/v2\/posts\/25553\/revisions"}],"wp:featuredmedia":[{"embeddable":true,"href":"https:\/\/wpserwis.cfolks.pl\/r2\/wp-json\/"}],"wp:attachment":[{"href":"https:\/\/wpserwis.cfolks.pl\/r2\/wp-json\/wp\/v2\/media?parent=25553"}],"wp:term":[{"taxonomy":"category","embeddable":true,"href":"https:\/\/wpserwis.cfolks.pl\/r2\/wp-json\/wp\/v2\/categories?post=25553"},{"taxonomy":"post_tag","embeddable":true,"href":"https:\/\/wpserwis.cfolks.pl\/r2\/wp-json\/wp\/v2\/tags?post=25553"}],"curies":[{"name":"wp","href":"https:\/\/api.w.org\/{rel}","templated":true}]}}