{"id":25594,"date":"2020-10-06T08:44:32","date_gmt":"2020-10-06T06:44:32","guid":{"rendered":"https:\/\/wtw.waw.pl\/?p=25594"},"modified":"2020-10-06T08:44:32","modified_gmt":"2020-10-06T06:44:32","slug":"sukces-angeliki-biedrzyckiej-zawodniczki-wtw-na-mistrzostwach-polski-w-kolarstwie-torowym","status":"publish","type":"post","link":"https:\/\/wpserwis.cfolks.pl\/r2\/sukces-angeliki-biedrzyckiej-zawodniczki-wtw-na-mistrzostwach-polski-w-kolarstwie-torowym\/","title":{"rendered":"SUKCES ANGELIKI BIEDRZYCKIEJ, ZAWODNICZKI WTW NA MISTRZOSTWACH POLSKI W KOLARSTWIE TOROWYM!"},"content":{"rendered":"\n<p><strong>Angelika Biedrzycka, zawodniczka Warszawskiego Towarzystwa Wio\u015blarskiego<\/strong>, odnios\u0142a du\u017cy sukces w <strong>Mistrzostwach Polski w Kolarstwie Torowym<\/strong>, kt\u00f3re odby\u0142y si\u0119 w dniach <strong>26-27.09.2020r<\/strong>.,<strong> na torze kolarskim w Pruszkowie<\/strong>.<\/p>\n\n\n\n<p>W konkurencji tandem\u00f3w, wsp\u00f3lnie z Edyt\u0105 Jasi\u0144sk\u0105 wygra\u0142y kolejno &#8211;  <strong>sprint na 200 metr\u00f3w<\/strong> oraz <strong>wy\u015bcigi na 1000 i 3000 metr\u00f3w<\/strong>. W tym ostatnim <strong>ustanowi\u0142y nowy rekord Polski<\/strong> staj\u0105c si\u0119 powa\u017cnymi kandydatkami do wysokiego miejsca w przysz\u0142orocznych Mistrzostwach \u015awiata oraz Igrzyskach Paraolimpijskich w Tokio. Nale\u017cy wspomnie\u0107, \u017ce na tegorocznych Mistrzostwach \u015awiata, kt\u00f3re rozegrano w Kanadzie tandem Angelika Biedrzycka \u2013 Edyta Jasi\u0144ska na 1000 metr\u00f3w zaj\u0105\u0142  miejsce sz\u00f3ste, a w wy\u015bcigu dru\u017cynowym wsp\u00f3lnie z dwoma kolegami wywalczy\u0142y medal srebrny. <\/p>\n\n\n\n<p><strong>Ogromne Gratulacje dla Angeliki oraz jej trenera Ryszarda Kocha! Trzymamy mocno kciuki za kolejne starty!<\/strong><\/p>\n\n\n\n<figure class=\"wp-block-image\"><img decoding=\"async\" src=\"https:\/\/wpserwis.cfolks.pl\/r2\/wp-content\/uploads\/2020\/10\/120635323_3690520314314451_5554684720709765839_n.jpg\" alt=\"\" class=\"wp-image-25596\"\/><\/figure>\n\n\n\n<figure class=\"wp-block-image\"><img decoding=\"async\" src=\"https:\/\/wpserwis.cfolks.pl\/r2\/wp-content\/uploads\/2020\/10\/120584775_3690520517647764_5162446982569546479_n.jpg\" alt=\"\" class=\"wp-image-25595\"\/><\/figure>\n\n\n\n<p><\/p>\n\n\n\n<p><\/p>\n","protected":false},"excerpt":{"rendered":"<p>Angelika Biedrzycka, zawodniczka Warszawskiego Towarzystwa Wio\u015blarskiego, odnios\u0142a du\u017cy sukces w Mistrzostwach Polski w Kolarstwie Torowym, kt\u00f3re odby\u0142y si\u0119 w dniach 26-27.09.2020r., na torze kolarskim w Pruszkowie. W konkurencji tandem\u00f3w, wsp\u00f3lnie z Edyt\u0105 Jasi\u0144sk\u0105 wygra\u0142y kolejno &#8211; sprint na 200 metr\u00f3w oraz wy\u015bcigi na 1000 i 3000 metr\u00f3w. W tym ostatnim ustanowi\u0142y nowy rekord Polski staj\u0105c [&hellip;]<\/p>\n","protected":false},"author":1,"featured_media":25597,"comment_status":"closed","ping_status":"closed","sticky":false,"template":"","format":"standard","meta":{"_acf_changed":false,"footnotes":""},"categories":[1],"tags":[],"class_list":["post-25594","post","type-post","status-publish","format-standard","has-post-thumbnail","hentry","category-bez-kategorii"],"acf":[],"_links":{"self":[{"href":"https:\/\/wpserwis.cfolks.pl\/r2\/wp-json\/wp\/v2\/posts\/25594","targetHints":{"allow":["GET"]}}],"collection":[{"href":"https:\/\/wpserwis.cfolks.pl\/r2\/wp-json\/wp\/v2\/posts"}],"about":[{"href":"https:\/\/wpserwis.cfolks.pl\/r2\/wp-json\/wp\/v2\/types\/post"}],"author":[{"embeddable":true,"href":"https:\/\/wpserwis.cfolks.pl\/r2\/wp-json\/wp\/v2\/users\/1"}],"replies":[{"embeddable":true,"href":"https:\/\/wpserwis.cfolks.pl\/r2\/wp-json\/wp\/v2\/comments?post=25594"}],"version-history":[{"count":0,"href":"https:\/\/wpserwis.cfolks.pl\/r2\/wp-json\/wp\/v2\/posts\/25594\/revisions"}],"wp:featuredmedia":[{"embeddable":true,"href":"https:\/\/wpserwis.cfolks.pl\/r2\/wp-json\/"}],"wp:attachment":[{"href":"https:\/\/wpserwis.cfolks.pl\/r2\/wp-json\/wp\/v2\/media?parent=25594"}],"wp:term":[{"taxonomy":"category","embeddable":true,"href":"https:\/\/wpserwis.cfolks.pl\/r2\/wp-json\/wp\/v2\/categories?post=25594"},{"taxonomy":"post_tag","embeddable":true,"href":"https:\/\/wpserwis.cfolks.pl\/r2\/wp-json\/wp\/v2\/tags?post=25594"}],"curies":[{"name":"wp","href":"https:\/\/api.w.org\/{rel}","templated":true}]}}