{"id":25664,"date":"2020-10-12T12:24:46","date_gmt":"2020-10-12T10:24:46","guid":{"rendered":"https:\/\/wtw.waw.pl\/?p=25664"},"modified":"2020-10-12T12:24:46","modified_gmt":"2020-10-12T10:24:46","slug":"terminarz-wioslarskiego-tytana-warszawy","status":"publish","type":"post","link":"https:\/\/wpserwis.cfolks.pl\/r2\/terminarz-wioslarskiego-tytana-warszawy\/","title":{"rendered":"TERMINARZ &#8222;WIO\u015aLARSKIEGO TYTANA WARSZAWY&#8221;!"},"content":{"rendered":"\n<p>Z przyjemno\u015bci\u0105 og\u0142aszamy pierwsz\u0105 cz\u0119\u015b\u0107 terminarza reedycji tegorocznego <strong>&#8222;Wio\u015blarskiego Tytana Warszawy&#8221;<\/strong>! <\/p>\n\n\n\n<p>W marcu odby\u0142y si\u0119 pierwsze eliminacje dla Dzielnicy Mokot\u00f3w. Niestety tu\u017c po nich, pandemia wirusa SARS &#8211; CoV &#8211; 2 pokrzy\u017cowa\u0142a nam plany. Nie pozwalamy jednak na zgaszenie naszego zapa\u0142u i w drugiej po\u0142owie pa\u017adziernika zaczynamy ponownie! <\/p>\n\n\n\n<ul class=\"wp-block-list\"><li><strong>21 pa\u017adziernika 2020r.<\/strong> (\u015broda) &#8211; eliminacje dla Dzielnicy <strong>Ursus<\/strong> &#8211; hala sportowa Szko\u0142y Podstawowej nr 2 przy ul. Or\u0142\u00f3w Piastowskich 47 <\/li><li><strong>28 pa\u017adziernika 2020r.<\/strong> (\u015broda) &#8211; eliminacje dla Dzielnicy <strong>\u015ar\u00f3dmie\u015bcie<\/strong> &#8211; OSiR Polna przy ul. Polnej 7 <\/li><li><strong>4 listopada 2020r.<\/strong> (\u015broda) &#8211; eliminacje dla Dzielnicy <strong>Ursyn\u00f3w<\/strong> &#8211; UCSiR przy ul. Dereniowej 48 <\/li><\/ul>\n\n\n\n<p>Jak zwykle, na nasze zmagania sportowe <strong>zapraszamy na godzin\u0119 9:00<\/strong>. Oficjalne rozpocz\u0119cie ka\u017cdych eliminacji odbywa si\u0119 o godzinie <strong>9:30<\/strong>. <\/p>\n\n\n\n<p>Dalsza cz\u0119\u015b\u0107 terminarza &#8222;Tytana&#8221; oraz wszsytkie dodatkowe informacje ju\u017c wkr\u00f3tce! <\/p>\n\n\n\n<p>Zapraszamy! <\/p>\n\n\n\n<p><\/p>\n","protected":false},"excerpt":{"rendered":"<p>Z przyjemno\u015bci\u0105 og\u0142aszamy pierwsz\u0105 cz\u0119\u015b\u0107 terminarza reedycji tegorocznego &#8222;Wio\u015blarskiego Tytana Warszawy&#8221;! W marcu odby\u0142y si\u0119 pierwsze eliminacje dla Dzielnicy Mokot\u00f3w. Niestety tu\u017c po nich, pandemia wirusa SARS &#8211; CoV &#8211; 2 pokrzy\u017cowa\u0142a nam plany. Nie pozwalamy jednak na zgaszenie naszego zapa\u0142u i w drugiej po\u0142owie pa\u017adziernika zaczynamy ponownie! 21 pa\u017adziernika 2020r. (\u015broda) &#8211; eliminacje dla [&hellip;]<\/p>\n","protected":false},"author":1,"featured_media":24913,"comment_status":"closed","ping_status":"closed","sticky":false,"template":"","format":"standard","meta":{"_acf_changed":false,"footnotes":""},"categories":[1,13],"tags":[],"class_list":["post-25664","post","type-post","status-publish","format-standard","has-post-thumbnail","hentry","category-bez-kategorii","category-tytan"],"acf":[],"_links":{"self":[{"href":"https:\/\/wpserwis.cfolks.pl\/r2\/wp-json\/wp\/v2\/posts\/25664","targetHints":{"allow":["GET"]}}],"collection":[{"href":"https:\/\/wpserwis.cfolks.pl\/r2\/wp-json\/wp\/v2\/posts"}],"about":[{"href":"https:\/\/wpserwis.cfolks.pl\/r2\/wp-json\/wp\/v2\/types\/post"}],"author":[{"embeddable":true,"href":"https:\/\/wpserwis.cfolks.pl\/r2\/wp-json\/wp\/v2\/users\/1"}],"replies":[{"embeddable":true,"href":"https:\/\/wpserwis.cfolks.pl\/r2\/wp-json\/wp\/v2\/comments?post=25664"}],"version-history":[{"count":0,"href":"https:\/\/wpserwis.cfolks.pl\/r2\/wp-json\/wp\/v2\/posts\/25664\/revisions"}],"wp:featuredmedia":[{"embeddable":true,"href":"https:\/\/wpserwis.cfolks.pl\/r2\/wp-json\/"}],"wp:attachment":[{"href":"https:\/\/wpserwis.cfolks.pl\/r2\/wp-json\/wp\/v2\/media?parent=25664"}],"wp:term":[{"taxonomy":"category","embeddable":true,"href":"https:\/\/wpserwis.cfolks.pl\/r2\/wp-json\/wp\/v2\/categories?post=25664"},{"taxonomy":"post_tag","embeddable":true,"href":"https:\/\/wpserwis.cfolks.pl\/r2\/wp-json\/wp\/v2\/tags?post=25664"}],"curies":[{"name":"wp","href":"https:\/\/api.w.org\/{rel}","templated":true}]}}