{"id":25668,"date":"2020-10-13T23:48:30","date_gmt":"2020-10-13T21:48:30","guid":{"rendered":"https:\/\/wtw.waw.pl\/?p=25668"},"modified":"2020-10-13T23:48:30","modified_gmt":"2020-10-13T21:48:30","slug":"wspolpraca-wtw-z-bmw-inchcape-warszawa-2","status":"publish","type":"post","link":"https:\/\/wpserwis.cfolks.pl\/r2\/wspolpraca-wtw-z-bmw-inchcape-warszawa-2\/","title":{"rendered":"Wsp\u00f3\u0142praca WTW z BMW Inchcape Warszawa"},"content":{"rendered":"\n<p>Mamy przyjemno\u015b\u0107 poinformowa\u0107 o rozpocz\u0119ciu wsp\u00f3\u0142pracy pomi\u0119dzy Warszawskim Towarzystwem Wio\u015blarskim i salonem BMW Inchcape Warszawa w roku olimpijskim.<\/p>\n\n\n\n<p>Wsp\u00f3\u0142praca poprzedzona jest ju\u017c rozpocz\u0119tym u\u017cyczeniem samochodu BMW m135i Marcinowi Brzezi\u0144skiemu jako pomoc w przygotowaniach do zbli\u017caj\u0105cych si\u0119 Igrzysk Olimpijskich.<\/p>\n\n\n\n<p>Kooperacja opiera\u0107 si\u0119 b\u0119dzie na organizacji strefy letniej Partnera na terenie obiektu WTW Wio\u015blarska 6 oraz wizualnej komunikacji \u0142\u0105cz\u0105cej profesjonalizm marki BMW oraz naszego najlepszego zawodnika przygotowuj\u0105cego si\u0119 do Igrzysk Olimpijskich.<\/p>\n\n\n\n<figure class=\"wp-block-image\"><img decoding=\"async\" src=\"https:\/\/wpserwis.cfolks.pl\/r2\/wp-content\/uploads\/2020\/10\/120911663_798374924262424_6574308975652582416_o-819x1024.jpg\" alt=\"\" class=\"wp-image-25670\"\/><\/figure>\n\n\n\n<figure class=\"wp-block-image\"><img decoding=\"async\" src=\"https:\/\/wpserwis.cfolks.pl\/r2\/wp-content\/uploads\/2020\/10\/117766981_760756768024240_239624230728578972_o-1024x768.jpg\" alt=\"\" class=\"wp-image-25671\"\/><\/figure>\n\n\n\n<figure class=\"wp-block-image\"><img decoding=\"async\" src=\"https:\/\/wpserwis.cfolks.pl\/r2\/wp-content\/uploads\/2020\/10\/117058700_749405349159382_2400831735009961768_o-819x1024.jpg\" alt=\"\" class=\"wp-image-25672\"\/><figcaption>fot. Archiwum prywatne Marcina Brzezi\u0144skiego<\/figcaption><\/figure>\n","protected":false},"excerpt":{"rendered":"<p>Mamy przyjemno\u015b\u0107 poinformowa\u0107 o rozpocz\u0119ciu wsp\u00f3\u0142pracy pomi\u0119dzy Warszawskim Towarzystwem Wio\u015blarskim i salonem BMW Inchcape Warszawa w roku olimpijskim. Wsp\u00f3\u0142praca poprzedzona jest ju\u017c rozpocz\u0119tym u\u017cyczeniem samochodu BMW m135i Marcinowi Brzezi\u0144skiemu jako pomoc w przygotowaniach do zbli\u017caj\u0105cych si\u0119 Igrzysk Olimpijskich. Kooperacja opiera\u0107 si\u0119 b\u0119dzie na organizacji strefy letniej Partnera na terenie obiektu WTW Wio\u015blarska 6 oraz wizualnej [&hellip;]<\/p>\n","protected":false},"author":1,"featured_media":25674,"comment_status":"closed","ping_status":"closed","sticky":false,"template":"","format":"standard","meta":{"_acf_changed":false,"footnotes":""},"categories":[1],"tags":[],"class_list":["post-25668","post","type-post","status-publish","format-standard","has-post-thumbnail","hentry","category-bez-kategorii"],"acf":[],"_links":{"self":[{"href":"https:\/\/wpserwis.cfolks.pl\/r2\/wp-json\/wp\/v2\/posts\/25668","targetHints":{"allow":["GET"]}}],"collection":[{"href":"https:\/\/wpserwis.cfolks.pl\/r2\/wp-json\/wp\/v2\/posts"}],"about":[{"href":"https:\/\/wpserwis.cfolks.pl\/r2\/wp-json\/wp\/v2\/types\/post"}],"author":[{"embeddable":true,"href":"https:\/\/wpserwis.cfolks.pl\/r2\/wp-json\/wp\/v2\/users\/1"}],"replies":[{"embeddable":true,"href":"https:\/\/wpserwis.cfolks.pl\/r2\/wp-json\/wp\/v2\/comments?post=25668"}],"version-history":[{"count":0,"href":"https:\/\/wpserwis.cfolks.pl\/r2\/wp-json\/wp\/v2\/posts\/25668\/revisions"}],"wp:featuredmedia":[{"embeddable":true,"href":"https:\/\/wpserwis.cfolks.pl\/r2\/wp-json\/"}],"wp:attachment":[{"href":"https:\/\/wpserwis.cfolks.pl\/r2\/wp-json\/wp\/v2\/media?parent=25668"}],"wp:term":[{"taxonomy":"category","embeddable":true,"href":"https:\/\/wpserwis.cfolks.pl\/r2\/wp-json\/wp\/v2\/categories?post=25668"},{"taxonomy":"post_tag","embeddable":true,"href":"https:\/\/wpserwis.cfolks.pl\/r2\/wp-json\/wp\/v2\/tags?post=25668"}],"curies":[{"name":"wp","href":"https:\/\/api.w.org\/{rel}","templated":true}]}}