{"id":25686,"date":"2020-10-19T10:10:08","date_gmt":"2020-10-19T08:10:08","guid":{"rendered":"https:\/\/wtw.waw.pl\/?p=25686"},"modified":"2020-10-19T10:10:08","modified_gmt":"2020-10-19T08:10:08","slug":"zamkniecie-sezonu-sportowo-turystycznego-2020","status":"publish","type":"post","link":"https:\/\/wpserwis.cfolks.pl\/r2\/zamkniecie-sezonu-sportowo-turystycznego-2020\/","title":{"rendered":"ZAMKNI\u0118CIE SEZONU SPORTOWO &#8211; TURYSTYCZNEGO 2020"},"content":{"rendered":"\n<p>Informujemy, i\u017c <strong>24.10.2020r.<\/strong> odb\u0119dzie si\u0119 <strong>Zako\u0144czenie Sezonu Sportowo &#8211; Turystycznego 2020<\/strong>. Uroczysto\u015b\u0107 odb\u0119dzie si\u0119 na przystani Warszawskiego Towarzystwa Wio\u015blarskiego przy <strong>ul. Zaruskiego 12<\/strong>. <\/p>\n\n\n\n<p>Uroczysto\u015b\u0107 rozpocznie si\u0119 <strong>Msz\u0105 \u015awi\u0119t\u0105 w parafii \u015bw. Tr\u00f3jcy przy ul. Solec 61 o godzinie 9.00<\/strong>, nast\u0119pnie przeniesiemy si\u0119 na nasz\u0105 <strong>przysta\u0144, gdzie obchody zaczn\u0105 si\u0119 o 10.00<\/strong>.  <\/p>\n\n\n\n<p> Ze wzgl\u0119du na panuj\u0105cy w kraju <strong>stan epidemii<\/strong>, aby zapewni\u0107 wszystkim Cz\u0142onkom, Zawodnikom oraz pracownikom Towarzystwa bezpiecze\u0144stwo, uroczysto\u015b\u0107 odb\u0119dzie si\u0119<strong> ON-LINE<\/strong>. <strong>Wyznaczone osoby z poszczeg\u00f3lnych organ\u00f3w WTW przyb\u0119d\u0105 osobi\u015bcie na Przysta\u0144,<\/strong> <strong>a ca\u0142o\u015b\u0107 obchod\u00f3w transmitowana b\u0119dzie na \u017cywo<\/strong> na mediach spo\u0142eczno\u015bciowych Towarzystwa.  <\/p>\n\n\n\n<p><strong>Wszystkich Cz\u0142onk\u00f3w, Zawodnik\u00f3w oraz pracownik\u00f3w WTW gor\u0105co zach\u0119camy do \u015bledzenia obchod\u00f3w na \u017cywo! <\/strong><\/p>\n","protected":false},"excerpt":{"rendered":"<p>Informujemy, i\u017c 24.10.2020r. odb\u0119dzie si\u0119 Zako\u0144czenie Sezonu Sportowo &#8211; Turystycznego 2020. Uroczysto\u015b\u0107 odb\u0119dzie si\u0119 na przystani Warszawskiego Towarzystwa Wio\u015blarskiego przy ul. Zaruskiego 12. Uroczysto\u015b\u0107 rozpocznie si\u0119 Msz\u0105 \u015awi\u0119t\u0105 w parafii \u015bw. Tr\u00f3jcy przy ul. Solec 61 o godzinie 9.00, nast\u0119pnie przeniesiemy si\u0119 na nasz\u0105 przysta\u0144, gdzie obchody zaczn\u0105 si\u0119 o 10.00. Ze wzgl\u0119du na panuj\u0105cy [&hellip;]<\/p>\n","protected":false},"author":1,"featured_media":25684,"comment_status":"closed","ping_status":"closed","sticky":false,"template":"","format":"standard","meta":{"_acf_changed":false,"footnotes":""},"categories":[1],"tags":[],"class_list":["post-25686","post","type-post","status-publish","format-standard","has-post-thumbnail","hentry","category-bez-kategorii"],"acf":[],"_links":{"self":[{"href":"https:\/\/wpserwis.cfolks.pl\/r2\/wp-json\/wp\/v2\/posts\/25686","targetHints":{"allow":["GET"]}}],"collection":[{"href":"https:\/\/wpserwis.cfolks.pl\/r2\/wp-json\/wp\/v2\/posts"}],"about":[{"href":"https:\/\/wpserwis.cfolks.pl\/r2\/wp-json\/wp\/v2\/types\/post"}],"author":[{"embeddable":true,"href":"https:\/\/wpserwis.cfolks.pl\/r2\/wp-json\/wp\/v2\/users\/1"}],"replies":[{"embeddable":true,"href":"https:\/\/wpserwis.cfolks.pl\/r2\/wp-json\/wp\/v2\/comments?post=25686"}],"version-history":[{"count":0,"href":"https:\/\/wpserwis.cfolks.pl\/r2\/wp-json\/wp\/v2\/posts\/25686\/revisions"}],"wp:featuredmedia":[{"embeddable":true,"href":"https:\/\/wpserwis.cfolks.pl\/r2\/wp-json\/"}],"wp:attachment":[{"href":"https:\/\/wpserwis.cfolks.pl\/r2\/wp-json\/wp\/v2\/media?parent=25686"}],"wp:term":[{"taxonomy":"category","embeddable":true,"href":"https:\/\/wpserwis.cfolks.pl\/r2\/wp-json\/wp\/v2\/categories?post=25686"},{"taxonomy":"post_tag","embeddable":true,"href":"https:\/\/wpserwis.cfolks.pl\/r2\/wp-json\/wp\/v2\/tags?post=25686"}],"curies":[{"name":"wp","href":"https:\/\/api.w.org\/{rel}","templated":true}]}}