{"id":25696,"date":"2020-10-19T11:12:46","date_gmt":"2020-10-19T09:12:46","guid":{"rendered":"https:\/\/wtw.waw.pl\/?p=25696"},"modified":"2020-10-19T11:12:46","modified_gmt":"2020-10-19T09:12:46","slug":"udany-wystep-wtw-w-regatach-warsaw-head","status":"publish","type":"post","link":"https:\/\/wpserwis.cfolks.pl\/r2\/udany-wystep-wtw-w-regatach-warsaw-head\/","title":{"rendered":"UDANY WYST\u0118P WTW W REGATACH WARSAW HEAD"},"content":{"rendered":"\n<p>Ju\u017c na sta\u0142e w kalendarzu warszawskich wio\u015blarzy wpisa\u0142y si\u0119 regaty Warsaw Head. Wio\u015blarze \u015bcigaj\u0105 si\u0119 w \u00f3semkach w kategoriach m\u0119skich, damskich i mieszanych.<\/p>\n\n\n\n<p>Warszawskie Towarzystwo Wio\u015blarskie wystawi\u0142o swoj\u0105 reprezentacj\u0119 we wszystkich 6 kategoriach (si\u00f3dma to kategoria firmowa). Udany wyst\u0119p wystarczy podsumowa\u0107 wynikami: Osady WTW wygra\u0142y w 4 kategoriach OPEN MEN, OPEN WOMEN, JUNIOR, MASTER WOMEN!<\/p>\n\n\n\n<p>Do tego zdobyli\u015bmy II miejsce w kategorii MASTER MIXED i III w kategorii MASTER MEN.<\/p>\n\n\n\n<p>Na specjalne wyr\u00f3\u017cnienie zas\u0142uguje \u00f3semka juniorska pod wodz\u0105 trenera <strong>Dominika Brodziaka<\/strong>, kt\u00f3ra zdoby\u0142a fenomenalny, drugi czas regat zaraz po zwyci\u0119skiej osadzie OPEN MEN pod wodz\u0105 <strong>Piotra P\u0142omi\u0144skiego<\/strong>.<\/p>\n\n\n\n<p>Do WTW zn\u00f3w nale\u017cy tytu\u0142 <strong>HEAD OF WIS\u0141A<\/strong> w kategorii m\u0119skiej, a panie wywalczy\u0142y ten tytu\u0142 po raz pierwszy. S\u0105 to tytu\u0142y za najlepsze czasy regat.<\/p>\n\n\n\n<p>W tym roku odby\u0142a si\u0119 ju\u017c 4 edycja imprezy, kt\u00f3ra z roku na rok przyci\u0105ga\u0142a coraz wi\u0119cej uczestnik\u00f3w i egzotyczne osady zagraniczne. Tym razem sytuacja epidemiczna zupe\u0142nie skomplikowa\u0142a zadanie. Regaty odby\u0142y si\u0119 w niesprzyjaj\u0105cym terminie i przy zmniejszonej ilo\u015bci uczestnik\u00f3w.<\/p>\n\n\n\n<p>fot. Zdzis\u0142aw Biernacki, strona <a href=\"https:\/\/www.facebook.com\/FOTOwioslaZB\/\">Zdj\u0119cia Wio\u015blarskie 1976-dzi\u015b<\/a><\/p>\n\n\n\n<figure class=\"wp-block-image\"><img decoding=\"async\" src=\"https:\/\/wpserwis.cfolks.pl\/r2\/wp-content\/uploads\/2020\/10\/121779750_1197081410664520_2958748802134185549_o-1024x683.jpg\" alt=\"\" class=\"wp-image-25691\"\/><\/figure>\n\n\n\n<figure class=\"wp-block-image\"><img decoding=\"async\" src=\"https:\/\/wpserwis.cfolks.pl\/r2\/wp-content\/uploads\/2020\/10\/121812971_1197081230664538_1586015200451443886_o-1024x683.jpg\" alt=\"\" class=\"wp-image-25692\"\/><\/figure>\n\n\n\n<figure class=\"wp-block-image\"><img decoding=\"async\" src=\"https:\/\/wpserwis.cfolks.pl\/r2\/wp-content\/uploads\/2020\/10\/122070942_2637413103238504_8383013239364431906_n.jpg\" alt=\"\" class=\"wp-image-25694\"\/><\/figure>\n\n\n\n<figure class=\"wp-block-image\"><img decoding=\"async\" src=\"https:\/\/wpserwis.cfolks.pl\/r2\/wp-content\/uploads\/2020\/10\/122132548_2637413136571834_5153777848245840077_n.jpg\" alt=\"\" class=\"wp-image-25693\"\/><\/figure>\n\n\n\n<figure class=\"wp-block-image\"><img decoding=\"async\" src=\"https:\/\/wpserwis.cfolks.pl\/r2\/wp-content\/uploads\/2020\/10\/122023099_2637413076571840_6338771936350629396_n.jpg\" alt=\"\" class=\"wp-image-25695\"\/><\/figure>\n\n\n\n<figure class=\"wp-block-image\"><img decoding=\"async\" src=\"https:\/\/wpserwis.cfolks.pl\/r2\/wp-content\/uploads\/2020\/10\/122165528_1197082113997783_240400327674875569_o-1024x683.jpg\" alt=\"\" class=\"wp-image-25690\"\/><\/figure>\n\n\n\n<figure class=\"wp-block-image\"><img decoding=\"async\" src=\"https:\/\/wpserwis.cfolks.pl\/r2\/wp-content\/uploads\/2020\/10\/122093429_2637413563238458_6066375086631746093_n.jpg\" alt=\"\" class=\"wp-image-25697\"\/><\/figure>\n","protected":false},"excerpt":{"rendered":"<p>Ju\u017c na sta\u0142e w kalendarzu warszawskich wio\u015blarzy wpisa\u0142y si\u0119 regaty Warsaw Head. Wio\u015blarze \u015bcigaj\u0105 si\u0119 w \u00f3semkach w kategoriach m\u0119skich, damskich i mieszanych. Warszawskie Towarzystwo Wio\u015blarskie wystawi\u0142o swoj\u0105 reprezentacj\u0119 we wszystkich 6 kategoriach (si\u00f3dma to kategoria firmowa). Udany wyst\u0119p wystarczy podsumowa\u0107 wynikami: Osady WTW wygra\u0142y w 4 kategoriach OPEN MEN, OPEN WOMEN, JUNIOR, MASTER WOMEN! [&hellip;]<\/p>\n","protected":false},"author":1,"featured_media":25690,"comment_status":"closed","ping_status":"closed","sticky":false,"template":"","format":"standard","meta":{"_acf_changed":false,"footnotes":""},"categories":[1],"tags":[],"class_list":["post-25696","post","type-post","status-publish","format-standard","has-post-thumbnail","hentry","category-bez-kategorii"],"acf":[],"_links":{"self":[{"href":"https:\/\/wpserwis.cfolks.pl\/r2\/wp-json\/wp\/v2\/posts\/25696","targetHints":{"allow":["GET"]}}],"collection":[{"href":"https:\/\/wpserwis.cfolks.pl\/r2\/wp-json\/wp\/v2\/posts"}],"about":[{"href":"https:\/\/wpserwis.cfolks.pl\/r2\/wp-json\/wp\/v2\/types\/post"}],"author":[{"embeddable":true,"href":"https:\/\/wpserwis.cfolks.pl\/r2\/wp-json\/wp\/v2\/users\/1"}],"replies":[{"embeddable":true,"href":"https:\/\/wpserwis.cfolks.pl\/r2\/wp-json\/wp\/v2\/comments?post=25696"}],"version-history":[{"count":0,"href":"https:\/\/wpserwis.cfolks.pl\/r2\/wp-json\/wp\/v2\/posts\/25696\/revisions"}],"wp:featuredmedia":[{"embeddable":true,"href":"https:\/\/wpserwis.cfolks.pl\/r2\/wp-json\/"}],"wp:attachment":[{"href":"https:\/\/wpserwis.cfolks.pl\/r2\/wp-json\/wp\/v2\/media?parent=25696"}],"wp:term":[{"taxonomy":"category","embeddable":true,"href":"https:\/\/wpserwis.cfolks.pl\/r2\/wp-json\/wp\/v2\/categories?post=25696"},{"taxonomy":"post_tag","embeddable":true,"href":"https:\/\/wpserwis.cfolks.pl\/r2\/wp-json\/wp\/v2\/tags?post=25696"}],"curies":[{"name":"wp","href":"https:\/\/api.w.org\/{rel}","templated":true}]}}