{"id":25706,"date":"2020-10-26T14:54:33","date_gmt":"2020-10-26T13:54:33","guid":{"rendered":"https:\/\/wtw.waw.pl\/?p=25706"},"modified":"2020-10-26T14:54:33","modified_gmt":"2020-10-26T13:54:33","slug":"eliminacje-wioslarskiego-tytana-warszawy-dla-dzielnicy-srodmiescie-odwolane","status":"publish","type":"post","link":"https:\/\/wpserwis.cfolks.pl\/r2\/eliminacje-wioslarskiego-tytana-warszawy-dla-dzielnicy-srodmiescie-odwolane\/","title":{"rendered":"ELIMINACJE &#8222;WIO\u015aLARSKIEGO TYTANA WARSZAWY&#8221; DLA DZIELNICY \u015aR\u00d3DMIE\u015aCIE ODWO\u0141ANE"},"content":{"rendered":"\n<p>Z przykro\u015bci\u0105 informujemy, \u017ce <strong>eliminacje \u201cWio\u015blarskiego Tytana Warszawy\u201d dla Dzielnicy<\/strong> <strong>\u015ar\u00f3dmie\u015bcie<\/strong> <strong>zostaj\u0105 odwo\u0142ane<\/strong>. <\/p>\n\n\n\n<p>Decyzja ta zosta\u0142a podj\u0119ta w zwi\u0105zku z wprowadzonymi przez w\u0142adze  pa\u0144stwowe nowymi obostrzeniami, kt\u00f3re uniemo\u017cliwiaj\u0105 nam przeprowadzenie konkursu w zaplanowanej przez nas formie &#8211; grupa docelowa imprezy, czyli m\u0142odzie\u017c szkolna od IV do VIII klasy szk\u00f3\u0142 podstawowych przesz\u0142a na system nauczania zdalnego oraz ograniczone zosta\u0142y mo\u017cliwo\u015bci samodzielnego poruszania si\u0119 m\u0142odzie\u017cy po mie\u015bcie.  <\/p>\n\n\n\n<p>Mieli\u015bmy ogromn\u0105 nadziej\u0119 na przeprowadzenie zawod\u00f3w, jednak         \nzdrowie i \u017cycie m\u0142odzie\u017cy szkolnej jest najwa\u017cniejsze i ze wzgl\u0119d\u00f3w \nbezpiecze\u0144stwa epidemicznego nie spotkamy si\u0119 w tym roku. <\/p>\n\n\n\n<p>\u017byczymy wszystkim du\u017co si\u0142y i przede wszystkim zdrowia! <\/p>\n\n\n\n<figure class=\"wp-block-image\"><img decoding=\"async\" src=\"https:\/\/wpserwis.cfolks.pl\/r2\/wp-content\/uploads\/2020\/01\/medal-tytan_2020-01-1024x1024.jpg\" alt=\"\" class=\"wp-image-24913\"\/><\/figure>\n","protected":false},"excerpt":{"rendered":"<p>Z przykro\u015bci\u0105 informujemy, \u017ce eliminacje \u201cWio\u015blarskiego Tytana Warszawy\u201d dla Dzielnicy \u015ar\u00f3dmie\u015bcie zostaj\u0105 odwo\u0142ane. Decyzja ta zosta\u0142a podj\u0119ta w zwi\u0105zku z wprowadzonymi przez w\u0142adze pa\u0144stwowe nowymi obostrzeniami, kt\u00f3re uniemo\u017cliwiaj\u0105 nam przeprowadzenie konkursu w zaplanowanej przez nas formie &#8211; grupa docelowa imprezy, czyli m\u0142odzie\u017c szkolna od IV do VIII klasy szk\u00f3\u0142 podstawowych przesz\u0142a na system nauczania zdalnego [&hellip;]<\/p>\n","protected":false},"author":1,"featured_media":25017,"comment_status":"closed","ping_status":"closed","sticky":false,"template":"","format":"standard","meta":{"_acf_changed":false,"footnotes":""},"categories":[1,13],"tags":[],"class_list":["post-25706","post","type-post","status-publish","format-standard","has-post-thumbnail","hentry","category-bez-kategorii","category-tytan"],"acf":[],"_links":{"self":[{"href":"https:\/\/wpserwis.cfolks.pl\/r2\/wp-json\/wp\/v2\/posts\/25706","targetHints":{"allow":["GET"]}}],"collection":[{"href":"https:\/\/wpserwis.cfolks.pl\/r2\/wp-json\/wp\/v2\/posts"}],"about":[{"href":"https:\/\/wpserwis.cfolks.pl\/r2\/wp-json\/wp\/v2\/types\/post"}],"author":[{"embeddable":true,"href":"https:\/\/wpserwis.cfolks.pl\/r2\/wp-json\/wp\/v2\/users\/1"}],"replies":[{"embeddable":true,"href":"https:\/\/wpserwis.cfolks.pl\/r2\/wp-json\/wp\/v2\/comments?post=25706"}],"version-history":[{"count":0,"href":"https:\/\/wpserwis.cfolks.pl\/r2\/wp-json\/wp\/v2\/posts\/25706\/revisions"}],"wp:featuredmedia":[{"embeddable":true,"href":"https:\/\/wpserwis.cfolks.pl\/r2\/wp-json\/"}],"wp:attachment":[{"href":"https:\/\/wpserwis.cfolks.pl\/r2\/wp-json\/wp\/v2\/media?parent=25706"}],"wp:term":[{"taxonomy":"category","embeddable":true,"href":"https:\/\/wpserwis.cfolks.pl\/r2\/wp-json\/wp\/v2\/categories?post=25706"},{"taxonomy":"post_tag","embeddable":true,"href":"https:\/\/wpserwis.cfolks.pl\/r2\/wp-json\/wp\/v2\/tags?post=25706"}],"curies":[{"name":"wp","href":"https:\/\/api.w.org\/{rel}","templated":true}]}}