{"id":25713,"date":"2020-10-29T13:32:33","date_gmt":"2020-10-29T12:32:33","guid":{"rendered":"https:\/\/wtw.waw.pl\/?p=25713"},"modified":"2020-10-29T13:32:33","modified_gmt":"2020-10-29T12:32:33","slug":"za-nami-centralne-regaty-zakonczenia-sezonu","status":"publish","type":"post","link":"https:\/\/wpserwis.cfolks.pl\/r2\/za-nami-centralne-regaty-zakonczenia-sezonu\/","title":{"rendered":"ZA NAMI CENTRALNE REGATY ZAKO\u0143CZENIA SEZONU!"},"content":{"rendered":"\n<p>Za nami <strong>Centralne Regaty Zako\u0144czenia sezonu<\/strong>, tradycyjnie ko\u0144czace sezon regatowy<\/p>\n\n\n\n<p>2 dni start\u00f3w1 przedbieg, 3 r\u00f3wnorz\u0119dne fina\u0142y. Na wyr\u00f3\u017cnienie zas\u0142uguje wyst\u0119p Piotrka P\u0142omi\u0144skiego, kt\u00f3ry zdeklasowa\u0142 konkurencj\u0119 oraz Konrada Doma\u0144skiego, kt\u00f3ry poradzi\u0142 sobie bardzo dobrze w nowej kategorii-M\u0142odzie\u017cowej, b\u0119dac z regu\u0142y w 4 najlepszych zawodnik\u00f3w. R\u00f3wnie\u017c nale\u017cy wspomnie\u0107 o 7 miejscu Magdaleny Romaniuk w kategorii juniorek m\u0142odszych. <\/p>\n\n\n\n<p>Ogromne BRAWA Dla Wszystkich zawodnik\u00f3w. To by\u0142 d\u0142ugi, ci\u0119\u017cki sezon, z licznymi niewiadomymi! Poradzili\u015bcie sobie doskonale.<\/p>\n\n\n\n<p>Do zobaczenia w przysz\u0142ym sezonie! <\/p>\n\n\n\n<figure class=\"wp-block-image\"><img decoding=\"async\" src=\"https:\/\/wpserwis.cfolks.pl\/r2\/wp-content\/uploads\/2020\/10\/122801581_3770342609665554_5278175147632992115_n.jpg\" alt=\"\" class=\"wp-image-25714\"\/><\/figure>\n\n\n\n<figure class=\"wp-block-image\"><img decoding=\"async\" src=\"https:\/\/wpserwis.cfolks.pl\/r2\/wp-content\/uploads\/2020\/10\/123001220_3770342602998888_8750707835267270312_n.jpg\" alt=\"\" class=\"wp-image-25716\"\/><\/figure>\n\n\n\n<figure class=\"wp-block-image\"><img decoding=\"async\" src=\"https:\/\/wpserwis.cfolks.pl\/r2\/wp-content\/uploads\/2020\/10\/123008587_3770342376332244_5891791853778140826_n.jpg\" alt=\"\" class=\"wp-image-25717\"\/><\/figure>\n\n\n\n<figure class=\"wp-block-image\"><img decoding=\"async\" src=\"https:\/\/wpserwis.cfolks.pl\/r2\/wp-content\/uploads\/2020\/10\/123014860_3770342356332246_4169518310928438193_n.jpg\" alt=\"\" class=\"wp-image-25718\"\/><\/figure>\n\n\n\n<figure class=\"wp-block-image\"><img decoding=\"async\" src=\"https:\/\/wpserwis.cfolks.pl\/r2\/wp-content\/uploads\/2020\/10\/123034930_3770342526332229_2242825808692537802_n.jpg\" alt=\"\" class=\"wp-image-25719\"\/><\/figure>\n\n\n\n<figure class=\"wp-block-image\"><img decoding=\"async\" src=\"https:\/\/wpserwis.cfolks.pl\/r2\/wp-content\/uploads\/2020\/10\/123060927_3770342292998919_7399118107032261951_n.jpg\" alt=\"\" class=\"wp-image-25720\"\/><\/figure>\n\n\n\n<figure class=\"wp-block-image\"><img decoding=\"async\" src=\"https:\/\/wpserwis.cfolks.pl\/r2\/wp-content\/uploads\/2020\/10\/123071687_3770342296332252_3692700553215089498_n.jpg\" alt=\"\" class=\"wp-image-25721\"\/><\/figure>\n\n\n\n<figure class=\"wp-block-image\"><img decoding=\"async\" src=\"https:\/\/wpserwis.cfolks.pl\/r2\/wp-content\/uploads\/2020\/10\/123076459_3770342439665571_5378786647134465339_n.jpg\" alt=\"\" class=\"wp-image-25722\"\/><\/figure>\n\n\n\n<figure class=\"wp-block-image\"><img decoding=\"async\" src=\"https:\/\/wpserwis.cfolks.pl\/r2\/wp-content\/uploads\/2020\/10\/123093810_3770342716332210_439130964976566921_n.jpg\" alt=\"\" class=\"wp-image-25723\"\/><\/figure>\n\n\n\n<figure class=\"wp-block-image\"><img decoding=\"async\" src=\"https:\/\/wpserwis.cfolks.pl\/r2\/wp-content\/uploads\/2020\/10\/123127879_3770342686332213_940516983202208237_n.jpg\" alt=\"\" class=\"wp-image-25724\"\/><\/figure>\n\n\n\n<figure class=\"wp-block-image\"><img decoding=\"async\" src=\"https:\/\/wpserwis.cfolks.pl\/r2\/wp-content\/uploads\/2020\/10\/123143906_3770342539665561_2334015236112498855_n.jpg\" alt=\"\" class=\"wp-image-25725\"\/><\/figure>\n","protected":false},"excerpt":{"rendered":"<p>Za nami Centralne Regaty Zako\u0144czenia sezonu, tradycyjnie ko\u0144czace sezon regatowy 2 dni start\u00f3w1 przedbieg, 3 r\u00f3wnorz\u0119dne fina\u0142y. Na wyr\u00f3\u017cnienie zas\u0142uguje wyst\u0119p Piotrka P\u0142omi\u0144skiego, kt\u00f3ry zdeklasowa\u0142 konkurencj\u0119 oraz Konrada Doma\u0144skiego, kt\u00f3ry poradzi\u0142 sobie bardzo dobrze w nowej kategorii-M\u0142odzie\u017cowej, b\u0119dac z regu\u0142y w 4 najlepszych zawodnik\u00f3w. R\u00f3wnie\u017c nale\u017cy wspomnie\u0107 o 7 miejscu Magdaleny Romaniuk w kategorii juniorek [&hellip;]<\/p>\n","protected":false},"author":1,"featured_media":25715,"comment_status":"closed","ping_status":"closed","sticky":false,"template":"","format":"standard","meta":{"_acf_changed":false,"footnotes":""},"categories":[1],"tags":[],"class_list":["post-25713","post","type-post","status-publish","format-standard","has-post-thumbnail","hentry","category-bez-kategorii"],"acf":[],"_links":{"self":[{"href":"https:\/\/wpserwis.cfolks.pl\/r2\/wp-json\/wp\/v2\/posts\/25713","targetHints":{"allow":["GET"]}}],"collection":[{"href":"https:\/\/wpserwis.cfolks.pl\/r2\/wp-json\/wp\/v2\/posts"}],"about":[{"href":"https:\/\/wpserwis.cfolks.pl\/r2\/wp-json\/wp\/v2\/types\/post"}],"author":[{"embeddable":true,"href":"https:\/\/wpserwis.cfolks.pl\/r2\/wp-json\/wp\/v2\/users\/1"}],"replies":[{"embeddable":true,"href":"https:\/\/wpserwis.cfolks.pl\/r2\/wp-json\/wp\/v2\/comments?post=25713"}],"version-history":[{"count":0,"href":"https:\/\/wpserwis.cfolks.pl\/r2\/wp-json\/wp\/v2\/posts\/25713\/revisions"}],"wp:featuredmedia":[{"embeddable":true,"href":"https:\/\/wpserwis.cfolks.pl\/r2\/wp-json\/"}],"wp:attachment":[{"href":"https:\/\/wpserwis.cfolks.pl\/r2\/wp-json\/wp\/v2\/media?parent=25713"}],"wp:term":[{"taxonomy":"category","embeddable":true,"href":"https:\/\/wpserwis.cfolks.pl\/r2\/wp-json\/wp\/v2\/categories?post=25713"},{"taxonomy":"post_tag","embeddable":true,"href":"https:\/\/wpserwis.cfolks.pl\/r2\/wp-json\/wp\/v2\/tags?post=25713"}],"curies":[{"name":"wp","href":"https:\/\/api.w.org\/{rel}","templated":true}]}}