{"id":25819,"date":"2021-01-13T15:29:00","date_gmt":"2021-01-13T14:29:00","guid":{"rendered":"https:\/\/wtw.waw.pl\/?p=25819"},"modified":"2021-01-13T15:29:00","modified_gmt":"2021-01-13T14:29:00","slug":"pozegnanie-dha-zygmunta-lozinskiego","status":"publish","type":"post","link":"https:\/\/wpserwis.cfolks.pl\/r2\/pozegnanie-dha-zygmunta-lozinskiego\/","title":{"rendered":"Po\u017cegnanie dha Zygmunta \u0141ozi\u0144skiego"},"content":{"rendered":"\n<p>Dzi\u015b mia\u0142o miejsce po\u017cegnanie dha Zygmunta \u0141ozi\u0144skiego zmar\u0142ego dn. 5 stycznia 2021r. W zwi\u0105zku z ograniczeniami epidemicznymi w jego ostatniej drodze towarzyszyli mu w imieniu ca\u0142ego Towarzystwa Prezes WTW pan Bogus\u0142aw Siennicki a tak\u017ce Przewodnicz\u0105cy Ko\u0142a Senior\u00f3w: dhna Barbara Olendzka oraz dh W\u0142adys\u0142aw Szustorowski.<\/p>\n\n\n\n<p>Druh Zygmunt \u0141ozi\u0144ski pe\u0142ni\u0142 w przesz\u0142o\u015bci funkcj\u0119 prezesa WTW. By\u0142 dla nas wspania\u0142ym przyjacielem a tak\u017ce ogromnym wsparciem dla ca\u0142ej struktury Towarzystwa.<\/p>\n\n\n\n<p>Cze\u015b\u0107 jego pami\u0119ci!<\/p>\n\n\n\n<figure class=\"wp-block-image size-large\"><a href=\"https:\/\/wpserwis.cfolks.pl\/r2\/wp-content\/uploads\/2021\/01\/IMG_0984i.jpg\"><img decoding=\"async\" src=\"https:\/\/wpserwis.cfolks.pl\/r2\/wp-content\/uploads\/2021\/01\/IMG_0984i.jpg\" alt=\"\" class=\"wp-image-25821\"\/><\/a><\/figure>\n\n\n\n<figure class=\"wp-block-image size-large\"><a href=\"https:\/\/wpserwis.cfolks.pl\/r2\/wp-content\/uploads\/2021\/01\/IMG_0985.jpg\"><img decoding=\"async\" src=\"https:\/\/wpserwis.cfolks.pl\/r2\/wp-content\/uploads\/2021\/01\/IMG_0985.jpg\" alt=\"\" class=\"wp-image-25822\"\/><\/a><\/figure>\n","protected":false},"excerpt":{"rendered":"<p>Dzi\u015b mia\u0142o miejsce po\u017cegnanie dha Zygmunta \u0141ozi\u0144skiego zmar\u0142ego dn. 5 stycznia 2021r. W zwi\u0105zku z ograniczeniami epidemicznymi w jego ostatniej drodze towarzyszyli mu w imieniu ca\u0142ego Towarzystwa Prezes WTW pan Bogus\u0142aw Siennicki a tak\u017ce Przewodnicz\u0105cy Ko\u0142a Senior\u00f3w: dhna Barbara Olendzka oraz dh W\u0142adys\u0142aw Szustorowski. Druh Zygmunt \u0141ozi\u0144ski pe\u0142ni\u0142 w przesz\u0142o\u015bci funkcj\u0119 prezesa WTW. By\u0142 dla [&hellip;]<\/p>\n","protected":false},"author":1,"featured_media":25820,"comment_status":"closed","ping_status":"closed","sticky":false,"template":"","format":"standard","meta":{"_acf_changed":false,"footnotes":""},"categories":[1],"tags":[],"class_list":["post-25819","post","type-post","status-publish","format-standard","has-post-thumbnail","hentry","category-bez-kategorii"],"acf":[],"_links":{"self":[{"href":"https:\/\/wpserwis.cfolks.pl\/r2\/wp-json\/wp\/v2\/posts\/25819","targetHints":{"allow":["GET"]}}],"collection":[{"href":"https:\/\/wpserwis.cfolks.pl\/r2\/wp-json\/wp\/v2\/posts"}],"about":[{"href":"https:\/\/wpserwis.cfolks.pl\/r2\/wp-json\/wp\/v2\/types\/post"}],"author":[{"embeddable":true,"href":"https:\/\/wpserwis.cfolks.pl\/r2\/wp-json\/wp\/v2\/users\/1"}],"replies":[{"embeddable":true,"href":"https:\/\/wpserwis.cfolks.pl\/r2\/wp-json\/wp\/v2\/comments?post=25819"}],"version-history":[{"count":0,"href":"https:\/\/wpserwis.cfolks.pl\/r2\/wp-json\/wp\/v2\/posts\/25819\/revisions"}],"wp:featuredmedia":[{"embeddable":true,"href":"https:\/\/wpserwis.cfolks.pl\/r2\/wp-json\/"}],"wp:attachment":[{"href":"https:\/\/wpserwis.cfolks.pl\/r2\/wp-json\/wp\/v2\/media?parent=25819"}],"wp:term":[{"taxonomy":"category","embeddable":true,"href":"https:\/\/wpserwis.cfolks.pl\/r2\/wp-json\/wp\/v2\/categories?post=25819"},{"taxonomy":"post_tag","embeddable":true,"href":"https:\/\/wpserwis.cfolks.pl\/r2\/wp-json\/wp\/v2\/tags?post=25819"}],"curies":[{"name":"wp","href":"https:\/\/api.w.org\/{rel}","templated":true}]}}