{"id":25824,"date":"2021-02-03T12:20:31","date_gmt":"2021-02-03T11:20:31","guid":{"rendered":"https:\/\/wtw.waw.pl\/?p=25824"},"modified":"2021-02-03T12:20:31","modified_gmt":"2021-02-03T11:20:31","slug":"enea-mistrzostwa-polski-na-ergometrze-wioslarskim-zakonczone-wielkim-sukcesem-wioslarek-wtw","status":"publish","type":"post","link":"https:\/\/wpserwis.cfolks.pl\/r2\/enea-mistrzostwa-polski-na-ergometrze-wioslarskim-zakonczone-wielkim-sukcesem-wioslarek-wtw\/","title":{"rendered":"ENEA Mistrzostwa Polski na ergometrze wio\u015blarskim zako\u0144czone wielkim sukcesem wio\u015blarek WTW!"},"content":{"rendered":"\n<p>Zawodniczkom WTW w sobot\u0119 30.01.2021r., na zawodach halowych w Poznaniu, uda\u0142o si\u0119 wywalczy\u0107 doskona\u0142e wyniki w kategoriach zar\u00f3wno Juniorek, Seniorek, jak i Masters! <\/p>\n\n\n\n<p>Julia Facon i Urszula Zawadzka zdominowa\u0142y starty Juniorek, zajmuj\u0105c kolejno pierwsze i drugie miejsce. Sonia Gnatowska uplasowa\u0142a si\u0119 na trzecim miejscu w kategorii Seniorek, a Edyta Czerwi\u0144ska &#8211; Nowak z du\u017c\u0105 przewag\u0105 wygra\u0142a w konkurencji Masters! <\/p>\n\n\n\n<p>Wielkie podzi\u0119kowania i s\u0142owa uznania kierujemy r\u00f3wnie\u017c do trener\u00f3w &#8211; Agnieszki Renc i Dominika Brodziaka! Dzi\u0119kujemy! <\/p>\n\n\n\n<p><strong>Wszystkim startuj\u0105cym serdecznie gratulujemy i \u017cyczymy dalszych sukces\u00f3w w sezonie sportowym 2021!<\/strong> <\/p>\n\n\n\n<figure class=\"wp-block-image size-large\"><a href=\"https:\/\/wpserwis.cfolks.pl\/r2\/wp-content\/uploads\/2021\/02\/ergowiosla-2.jpg\"><img decoding=\"async\" src=\"https:\/\/wpserwis.cfolks.pl\/r2\/wp-content\/uploads\/2021\/02\/ergowiosla-2.jpg\" alt=\"\" class=\"wp-image-25826\"\/><\/a><\/figure>\n\n\n\n<figure class=\"wp-block-image size-large\"><a href=\"https:\/\/wpserwis.cfolks.pl\/r2\/wp-content\/uploads\/2021\/02\/ergowiosla-3.jpg\"><img decoding=\"async\" src=\"https:\/\/wpserwis.cfolks.pl\/r2\/wp-content\/uploads\/2021\/02\/ergowiosla-3.jpg\" alt=\"\" class=\"wp-image-25827\"\/><\/a><\/figure>\n","protected":false},"excerpt":{"rendered":"<p>Zawodniczkom WTW w sobot\u0119 30.01.2021r., na zawodach halowych w Poznaniu, uda\u0142o si\u0119 wywalczy\u0107 doskona\u0142e wyniki w kategoriach zar\u00f3wno Juniorek, Seniorek, jak i Masters! Julia Facon i Urszula Zawadzka zdominowa\u0142y starty Juniorek, zajmuj\u0105c kolejno pierwsze i drugie miejsce. Sonia Gnatowska uplasowa\u0142a si\u0119 na trzecim miejscu w kategorii Seniorek, a Edyta Czerwi\u0144ska &#8211; Nowak z du\u017c\u0105 przewag\u0105 [&hellip;]<\/p>\n","protected":false},"author":1,"featured_media":25825,"comment_status":"closed","ping_status":"closed","sticky":false,"template":"","format":"standard","meta":{"_acf_changed":false,"footnotes":""},"categories":[1],"tags":[],"class_list":["post-25824","post","type-post","status-publish","format-standard","has-post-thumbnail","hentry","category-bez-kategorii"],"acf":[],"_links":{"self":[{"href":"https:\/\/wpserwis.cfolks.pl\/r2\/wp-json\/wp\/v2\/posts\/25824","targetHints":{"allow":["GET"]}}],"collection":[{"href":"https:\/\/wpserwis.cfolks.pl\/r2\/wp-json\/wp\/v2\/posts"}],"about":[{"href":"https:\/\/wpserwis.cfolks.pl\/r2\/wp-json\/wp\/v2\/types\/post"}],"author":[{"embeddable":true,"href":"https:\/\/wpserwis.cfolks.pl\/r2\/wp-json\/wp\/v2\/users\/1"}],"replies":[{"embeddable":true,"href":"https:\/\/wpserwis.cfolks.pl\/r2\/wp-json\/wp\/v2\/comments?post=25824"}],"version-history":[{"count":0,"href":"https:\/\/wpserwis.cfolks.pl\/r2\/wp-json\/wp\/v2\/posts\/25824\/revisions"}],"wp:featuredmedia":[{"embeddable":true,"href":"https:\/\/wpserwis.cfolks.pl\/r2\/wp-json\/"}],"wp:attachment":[{"href":"https:\/\/wpserwis.cfolks.pl\/r2\/wp-json\/wp\/v2\/media?parent=25824"}],"wp:term":[{"taxonomy":"category","embeddable":true,"href":"https:\/\/wpserwis.cfolks.pl\/r2\/wp-json\/wp\/v2\/categories?post=25824"},{"taxonomy":"post_tag","embeddable":true,"href":"https:\/\/wpserwis.cfolks.pl\/r2\/wp-json\/wp\/v2\/tags?post=25824"}],"curies":[{"name":"wp","href":"https:\/\/api.w.org\/{rel}","templated":true}]}}