{"id":25836,"date":"2021-02-03T15:42:15","date_gmt":"2021-02-03T14:42:15","guid":{"rendered":"https:\/\/wtw.waw.pl\/?p=25836"},"modified":"2021-02-03T15:42:15","modified_gmt":"2021-02-03T14:42:15","slug":"skladki-czlonkowskie-oraz-oplaty-treningowe-informacje-organizacyjne","status":"publish","type":"post","link":"https:\/\/wpserwis.cfolks.pl\/r2\/skladki-czlonkowskie-oraz-oplaty-treningowe-informacje-organizacyjne\/","title":{"rendered":"SK\u0141ADKI CZ\u0141ONKOWSKIE ORAZ OP\u0141ATY TRENINGOWE &#8211; informacje organizacyjne"},"content":{"rendered":"\n<p>Przypominamy o wysoko\u015bci miesi\u0119cznych sk\u0142adek cz\u0142onkowskich oraz op\u0142at treningowych dla Cz\u0142onk\u00f3w naszego Towarzystwa: <\/p>\n\n\n\n<p><strong><span class=\"has-inline-color has-vivid-cyan-blue-color\">MIESI\u0118CZNE SK\u0141ADKI CZ\u0141ONKOWSKIE<\/span><\/strong> <\/p>\n\n\n\n<p>Dla cz\u0142onka i kandydata &#8211; 50 z\u0142 <\/p>\n\n\n\n<p>Dla emeryta i rencisty &#8211; 20 z\u0142 <\/p>\n\n\n\n<p>Dla zawodnik\u00f3w regatowych powy\u017cej 18 lat &#8211; 20 z\u0142 <\/p>\n\n\n\n<p>Dla zawodnik\u00f3w regatowych poni\u017cej 18 lat &#8211; 12,50 z\u0142 <\/p>\n\n\n\n<p>Dla uczni\u00f3w i student\u00f3w &#8211; 25 z\u0142 <\/p>\n\n\n\n<p>Dla senior\u00f3w i jubilat\u00f3w &#8211; 0 z\u0142 <\/p>\n\n\n\n<p><span class=\"has-inline-color has-vivid-cyan-blue-color\"><strong>OP\u0141ATY TRENINGOWE <\/strong><\/span><\/p>\n\n\n\n<p>M\u0142odzik\/ Grupa naborowa (13-14 lat) &#8211; 130 z\u0142 <\/p>\n\n\n\n<p>Junior m\u0142odszy (15-16 lat) &#8211; 100 z\u0142 <\/p>\n\n\n\n<p>Junior (17-18 lat) &#8211; 90 z\u0142 <\/p>\n\n\n\n<p>M\u0142odzie\u017c\u00f3wka (19-22 lata) &#8211; 80 z\u0142 <\/p>\n\n\n\n<p>Senior (powy\u017cej 23 lat) &#8211; 50 z\u0142 <\/p>\n\n\n\n<p><\/p>\n\n\n\n<figure class=\"wp-block-pullquote\"><blockquote><p><strong>WA\u017bNA INFORMACJA DLA RODZIC\u00d3W ZAWODNIK\u00d3W REGATOWYCH SEKCJI SPORTOWYCH<\/strong> &#8211; w miesi\u0105cach lipiec i sierpie\u0144 nie naliczamy op\u0142at treningowych. <strong>Nie zmienia to jednak obowi\u0105zku wp\u0142aty miesi\u0119cznej sk\u0142adki cz\u0142onkowskiej<\/strong>. Obowi\u0105zek uiszczania sk\u0142adek cz\u0142onkowskich niezale\u017cny jest od obecno\u015bci zawodnika na treningach sportowych. <\/p><\/blockquote><\/figure>\n\n\n\n<p><\/p>\n\n\n\n<p class=\"has-text-align-center\"><strong><span style=\"color:#cd0a0a\" class=\"has-inline-color\">Dodatkowo informujemy:<\/span><\/strong><\/p>\n\n\n\n<figure class=\"wp-block-pullquote\"><blockquote><p><strong>Informacje o wszelkich planowanych przerwach w treningach zawodnik\u00f3w, przekazywane musz\u0105 by\u0107 do Biura WTW pisemnie. Inaczej, pro\u015bby o umorzenie op\u0142at treningowych nie b\u0119d\u0105 uwzgl\u0119dniane.<\/strong> <\/p><\/blockquote><\/figure>\n\n\n\n<figure class=\"wp-block-image size-large\"><a href=\"https:\/\/wpserwis.cfolks.pl\/r2\/wp-content\/uploads\/2020\/03\/unnamed.jpg\"><img decoding=\"async\" src=\"https:\/\/wpserwis.cfolks.pl\/r2\/wp-content\/uploads\/2020\/03\/unnamed.jpg\" alt=\"\" class=\"wp-image-25023\"\/><\/a><\/figure>\n","protected":false},"excerpt":{"rendered":"<p>Przypominamy o wysoko\u015bci miesi\u0119cznych sk\u0142adek cz\u0142onkowskich oraz op\u0142at treningowych dla Cz\u0142onk\u00f3w naszego Towarzystwa: MIESI\u0118CZNE SK\u0141ADKI CZ\u0141ONKOWSKIE Dla cz\u0142onka i kandydata &#8211; 50 z\u0142 Dla emeryta i rencisty &#8211; 20 z\u0142 Dla zawodnik\u00f3w regatowych powy\u017cej 18 lat &#8211; 20 z\u0142 Dla zawodnik\u00f3w regatowych poni\u017cej 18 lat &#8211; 12,50 z\u0142 Dla uczni\u00f3w i student\u00f3w &#8211; 25 z\u0142 [&hellip;]<\/p>\n","protected":false},"author":1,"featured_media":25017,"comment_status":"closed","ping_status":"closed","sticky":false,"template":"","format":"standard","meta":{"_acf_changed":false,"footnotes":""},"categories":[1],"tags":[],"class_list":["post-25836","post","type-post","status-publish","format-standard","has-post-thumbnail","hentry","category-bez-kategorii"],"acf":[],"_links":{"self":[{"href":"https:\/\/wpserwis.cfolks.pl\/r2\/wp-json\/wp\/v2\/posts\/25836","targetHints":{"allow":["GET"]}}],"collection":[{"href":"https:\/\/wpserwis.cfolks.pl\/r2\/wp-json\/wp\/v2\/posts"}],"about":[{"href":"https:\/\/wpserwis.cfolks.pl\/r2\/wp-json\/wp\/v2\/types\/post"}],"author":[{"embeddable":true,"href":"https:\/\/wpserwis.cfolks.pl\/r2\/wp-json\/wp\/v2\/users\/1"}],"replies":[{"embeddable":true,"href":"https:\/\/wpserwis.cfolks.pl\/r2\/wp-json\/wp\/v2\/comments?post=25836"}],"version-history":[{"count":0,"href":"https:\/\/wpserwis.cfolks.pl\/r2\/wp-json\/wp\/v2\/posts\/25836\/revisions"}],"wp:featuredmedia":[{"embeddable":true,"href":"https:\/\/wpserwis.cfolks.pl\/r2\/wp-json\/"}],"wp:attachment":[{"href":"https:\/\/wpserwis.cfolks.pl\/r2\/wp-json\/wp\/v2\/media?parent=25836"}],"wp:term":[{"taxonomy":"category","embeddable":true,"href":"https:\/\/wpserwis.cfolks.pl\/r2\/wp-json\/wp\/v2\/categories?post=25836"},{"taxonomy":"post_tag","embeddable":true,"href":"https:\/\/wpserwis.cfolks.pl\/r2\/wp-json\/wp\/v2\/tags?post=25836"}],"curies":[{"name":"wp","href":"https:\/\/api.w.org\/{rel}","templated":true}]}}