{"id":25900,"date":"2021-03-26T12:09:00","date_gmt":"2021-03-26T11:09:00","guid":{"rendered":"https:\/\/wtw.waw.pl\/?p=25900"},"modified":"2021-03-26T12:09:00","modified_gmt":"2021-03-26T11:09:00","slug":"uwaga-wazny-komunikat","status":"publish","type":"post","link":"https:\/\/wpserwis.cfolks.pl\/r2\/uwaga-wazny-komunikat\/","title":{"rendered":"UWAGA &#8211; WA\u017bNY KOMUNIKAT!!"},"content":{"rendered":"\n<p>W wyniku publikacji dnia 25 marca 2021r. Rozporz\u0105dzenia Rady Ministr\u00f3w zmieniaj\u0105ce rozporz\u0105dzenie w sprawie ustanowienia okre\u015blonych ogranicze\u0144, nakaz\u00f3w i zakaz\u00f3w w zwi\u0105zku z wyst\u0105pieniem stanu epidemii <strong>informujemy, i\u017c od dnia 27 marca 2021r. (sobota) zmuszeni jeste\u015bmy do zawieszenia WSZYSTKICH trening\u00f3w sekcji sportowych i amatorskich w naszym Klubie. Odwo\u0142ane zostaj\u0105 zar\u00f3wno zaj\u0119cia regatowych sekcji sportowych dzieci i m\u0142odzie\u017cy, jak i treningi sekcji amatorskich oraz indywidualne.<\/strong><\/p>\n\n\n\n<p>Nie odb\u0119dzie si\u0119 r\u00f3wnie\u017c w zaplanowanym terminie ob\u00f3z sekcji wio\u015blarskiej \u2013 do\u0142o\u017cymy wszelkich stara\u0144 aby zorganizowa\u0107 go, gdy tylko regulacje pa\u0144stwowe dot. pandemii wirusa SARS \u2013 CoV \u2013 2 na to pozwol\u0105.<\/p>\n\n\n\n<p>Wchodz\u0105ce od jutra obostrzenia obowi\u0105zuj\u0105 do dnia 9 kwietnia 2021r. (pi\u0105tek). O wszelkich zmianach lub przed\u0142u\u017ceniach zarz\u0105dze\u0144 informowa\u0107 b\u0119dziemy na bie\u017c\u0105co na naszej stronie internetowej (wpserwis.cfolks.pl\/r2\/) oraz na mediach spo\u0142eczno\u015bciowych Towarzystwa (Facebook, Instagram).<\/p>\n\n\n\n<p>Mamy nadziej\u0119, \u017ce jak najszybciej uda nam si\u0119 wr\u00f3ci\u0107 do trening\u00f3w i wsp\u00f3lnego cieszenia si\u0119 sportem!<\/p>\n\n\n\n<p>Wszystkim zawodnikom, Cz\u0142onkom oraz sympatykom WTW \u017cyczymy du\u017co si\u0142y i przede wszystkim zdrowia! <\/p>\n\n\n\n<p>Poni\u017cej zamieszczamy link do tre\u015bci obowi\u0105zuj\u0105cego Rozporz\u0105dzenia. <\/p>\n\n\n\n<p><a href=\"https:\/\/dziennikustaw.gov.pl\/D2021000054601.pdf\">https:\/\/dziennikustaw.gov.pl\/D2021000054601.pdf<\/a><\/p>\n\n\n\n<figure class=\"wp-block-image size-large\"><a href=\"https:\/\/wpserwis.cfolks.pl\/r2\/wp-content\/uploads\/2020\/03\/unnamed.jpg\"><img decoding=\"async\" src=\"https:\/\/wpserwis.cfolks.pl\/r2\/wp-content\/uploads\/2020\/03\/unnamed.jpg\" alt=\"\" class=\"wp-image-25023\"\/><\/a><\/figure>\n","protected":false},"excerpt":{"rendered":"<p>W wyniku publikacji dnia 25 marca 2021r. Rozporz\u0105dzenia Rady Ministr\u00f3w zmieniaj\u0105ce rozporz\u0105dzenie w sprawie ustanowienia okre\u015blonych ogranicze\u0144, nakaz\u00f3w i zakaz\u00f3w w zwi\u0105zku z wyst\u0105pieniem stanu epidemii informujemy, i\u017c od dnia 27 marca 2021r. (sobota) zmuszeni jeste\u015bmy do zawieszenia WSZYSTKICH trening\u00f3w sekcji sportowych i amatorskich w naszym Klubie. Odwo\u0142ane zostaj\u0105 zar\u00f3wno zaj\u0119cia regatowych sekcji sportowych dzieci [&hellip;]<\/p>\n","protected":false},"author":1,"featured_media":25017,"comment_status":"closed","ping_status":"closed","sticky":false,"template":"","format":"standard","meta":{"_acf_changed":false,"footnotes":""},"categories":[1],"tags":[],"class_list":["post-25900","post","type-post","status-publish","format-standard","has-post-thumbnail","hentry","category-bez-kategorii"],"acf":[],"_links":{"self":[{"href":"https:\/\/wpserwis.cfolks.pl\/r2\/wp-json\/wp\/v2\/posts\/25900","targetHints":{"allow":["GET"]}}],"collection":[{"href":"https:\/\/wpserwis.cfolks.pl\/r2\/wp-json\/wp\/v2\/posts"}],"about":[{"href":"https:\/\/wpserwis.cfolks.pl\/r2\/wp-json\/wp\/v2\/types\/post"}],"author":[{"embeddable":true,"href":"https:\/\/wpserwis.cfolks.pl\/r2\/wp-json\/wp\/v2\/users\/1"}],"replies":[{"embeddable":true,"href":"https:\/\/wpserwis.cfolks.pl\/r2\/wp-json\/wp\/v2\/comments?post=25900"}],"version-history":[{"count":0,"href":"https:\/\/wpserwis.cfolks.pl\/r2\/wp-json\/wp\/v2\/posts\/25900\/revisions"}],"wp:featuredmedia":[{"embeddable":true,"href":"https:\/\/wpserwis.cfolks.pl\/r2\/wp-json\/"}],"wp:attachment":[{"href":"https:\/\/wpserwis.cfolks.pl\/r2\/wp-json\/wp\/v2\/media?parent=25900"}],"wp:term":[{"taxonomy":"category","embeddable":true,"href":"https:\/\/wpserwis.cfolks.pl\/r2\/wp-json\/wp\/v2\/categories?post=25900"},{"taxonomy":"post_tag","embeddable":true,"href":"https:\/\/wpserwis.cfolks.pl\/r2\/wp-json\/wp\/v2\/tags?post=25900"}],"curies":[{"name":"wp","href":"https:\/\/api.w.org\/{rel}","templated":true}]}}