{"id":25964,"date":"2021-04-26T10:30:32","date_gmt":"2021-04-26T08:30:32","guid":{"rendered":"https:\/\/wtw.waw.pl\/?p=25964"},"modified":"2021-04-26T10:30:32","modified_gmt":"2021-04-26T08:30:32","slug":"wioslarze-na-obozie","status":"publish","type":"post","link":"https:\/\/wpserwis.cfolks.pl\/r2\/wioslarze-na-obozie\/","title":{"rendered":"WIO\u015aLARZE NA OBOZIE!"},"content":{"rendered":"\n<p><strong>Wczoraj du\u017ca grupa zawodnik\u00f3w grupy m\u0142odzie\u017cowej, junior\u00f3w i junior\u00f3w m\u0142odszych zameldowa\u0142a si\u0119 na klubowym zgrupowaniu przygotowawczym przed Centralnymi Regatami Otwarcia Sezonu w Poznaniu (01.05-02.05).  <\/strong><\/p>\n\n\n\n<p>Ka\u017cdy kto pretenduje do kadry narodowej ma obowiazek startu w tych Regatach. <strong>Ob\u00f3z w Mikorzynie potrwa do 30.04. 2021r.. <\/strong><\/p>\n\n\n\n<p>\u017byczymy zdr\u00f3wka, samych udanych trening\u00f3w i pi\u0119knej pogody! <\/p>\n\n\n\n<p><\/p>\n","protected":false},"excerpt":{"rendered":"<p>Wczoraj du\u017ca grupa zawodnik\u00f3w grupy m\u0142odzie\u017cowej, junior\u00f3w i junior\u00f3w m\u0142odszych zameldowa\u0142a si\u0119 na klubowym zgrupowaniu przygotowawczym przed Centralnymi Regatami Otwarcia Sezonu w Poznaniu (01.05-02.05). Ka\u017cdy kto pretenduje do kadry narodowej ma obowiazek startu w tych Regatach. Ob\u00f3z w Mikorzynie potrwa do 30.04. 2021r.. \u017byczymy zdr\u00f3wka, samych udanych trening\u00f3w i pi\u0119knej pogody!<\/p>\n","protected":false},"author":1,"featured_media":25963,"comment_status":"closed","ping_status":"closed","sticky":false,"template":"","format":"standard","meta":{"_acf_changed":false,"footnotes":""},"categories":[1],"tags":[],"class_list":["post-25964","post","type-post","status-publish","format-standard","has-post-thumbnail","hentry","category-bez-kategorii"],"acf":[],"_links":{"self":[{"href":"https:\/\/wpserwis.cfolks.pl\/r2\/wp-json\/wp\/v2\/posts\/25964","targetHints":{"allow":["GET"]}}],"collection":[{"href":"https:\/\/wpserwis.cfolks.pl\/r2\/wp-json\/wp\/v2\/posts"}],"about":[{"href":"https:\/\/wpserwis.cfolks.pl\/r2\/wp-json\/wp\/v2\/types\/post"}],"author":[{"embeddable":true,"href":"https:\/\/wpserwis.cfolks.pl\/r2\/wp-json\/wp\/v2\/users\/1"}],"replies":[{"embeddable":true,"href":"https:\/\/wpserwis.cfolks.pl\/r2\/wp-json\/wp\/v2\/comments?post=25964"}],"version-history":[{"count":0,"href":"https:\/\/wpserwis.cfolks.pl\/r2\/wp-json\/wp\/v2\/posts\/25964\/revisions"}],"wp:featuredmedia":[{"embeddable":true,"href":"https:\/\/wpserwis.cfolks.pl\/r2\/wp-json\/"}],"wp:attachment":[{"href":"https:\/\/wpserwis.cfolks.pl\/r2\/wp-json\/wp\/v2\/media?parent=25964"}],"wp:term":[{"taxonomy":"category","embeddable":true,"href":"https:\/\/wpserwis.cfolks.pl\/r2\/wp-json\/wp\/v2\/categories?post=25964"},{"taxonomy":"post_tag","embeddable":true,"href":"https:\/\/wpserwis.cfolks.pl\/r2\/wp-json\/wp\/v2\/tags?post=25964"}],"curies":[{"name":"wp","href":"https:\/\/api.w.org\/{rel}","templated":true}]}}