{"id":25978,"date":"2021-05-05T13:05:02","date_gmt":"2021-05-05T11:05:02","guid":{"rendered":"https:\/\/wtw.waw.pl\/?p=25978"},"modified":"2021-05-05T13:05:02","modified_gmt":"2021-05-05T11:05:02","slug":"doskonale-wyniki-naszych-wioslarzy-na-regatach-otwarcia-sezonu","status":"publish","type":"post","link":"https:\/\/wpserwis.cfolks.pl\/r2\/doskonale-wyniki-naszych-wioslarzy-na-regatach-otwarcia-sezonu\/","title":{"rendered":"DOSKONA\u0141E WYNIKI NASZYCH WIO\u015aLARZY NA REGATACH OTWARCIA SEZONU!"},"content":{"rendered":"\n<p>Za nami bardzo intensywny, wio\u015blarski weekend, dzia\u0142o si\u0119 nie tylko w Zagrzebiu, ale r\u00f3wnie\u017c na naszym rodzimym podw\u00f3rku &#8211; <strong>w Poznaniu odby\u0142y si\u0119 Centralne Regaty Otwarcia Sezonu<\/strong>!<\/p>\n\n\n\n<p>Pogoda nie rozpieszcza\u0142a w ten weekend zawodnik\u00f3w. Z powodu silnego wiatru i deszczu organizatorzy zdecydowali si\u0119 odwo\u0142a\u0107 niedzielna sesje popoludniow\u0105. <\/p>\n\n\n\n<p><strong>Dla naszego klubu by\u0142y to jedne z najlepszych regat w ostatnich latach!<\/strong><\/p>\n\n\n\n<p><strong>Michalina Partyga dw\u00f3krotnie zaj\u0119\u0142a drugie miejsce<\/strong> w kategorii 1xKA. W niedzielnym finale p\u0142yn\u0119\u0142a na dw\u00f3jce z Soboci\u0144sk\u0105 Jessic\u0105 i r\u00f3wnie\u017c by\u0142y drugie. <\/p>\n\n\n\n<p><strong>Konrad Doma\u0144ski<\/strong> na 1xMA <strong>zaja\u0142 kolejno 2 i 4 miejsce<\/strong>. W niedziel\u0119 na 2xMA razem z Czarkiem Litka nie mieli sobie r\u00f3wnych. <\/p>\n\n\n\n<p><strong>Urszula O\u017carowska<\/strong> w kategorii 1xKL\/KBL <strong>zaj\u0119\u0142a kolejno 4 i 2 miejsce<\/strong>. W niedzielnych fina\u0142ach w dw\u00f3jce wagi lekkiej razem z Jasi\u0144sk\u0105 Zuzann\u0105 z KW Pegaz Wroc\u0142aw zdecydowanie zwyci\u0119\u017cy\u0142y.<\/p>\n\n\n\n<p>Serdecznie gratulujemy zawodnikom oraz trenerom \u015bwienych wynik\u00f3w!  Nie mo\u017cemy doczeka\u0107 si\u0119 dalszego \u015bcigania. Trzymamy kciuki, aby pogoda by\u0142a dla wszystkich \u0142askawsza i zdrowie wszystkim dopisywa\u0142o. <\/p>\n\n\n\n<p>Bardzo dzi\u0119kujemy Liwii Jab\u0142o\u0144skiej za pi\u0119kne zdj\u0119cia! <\/p>\n\n\n\n<figure class=\"wp-block-image size-large\"><a href=\"https:\/\/wpserwis.cfolks.pl\/r2\/wp-content\/uploads\/2021\/05\/Centralne-1.jpg\"><img decoding=\"async\" src=\"https:\/\/wpserwis.cfolks.pl\/r2\/wp-content\/uploads\/2021\/05\/Centralne-1.jpg\" alt=\"\" class=\"wp-image-25979\"\/><\/a><\/figure>\n\n\n\n<figure class=\"wp-block-image size-large\"><a href=\"https:\/\/wpserwis.cfolks.pl\/r2\/wp-content\/uploads\/2021\/05\/Centralne-2.jpg\"><img decoding=\"async\" src=\"https:\/\/wpserwis.cfolks.pl\/r2\/wp-content\/uploads\/2021\/05\/Centralne-2.jpg\" alt=\"\" class=\"wp-image-25980\"\/><\/a><\/figure>\n\n\n\n<figure class=\"wp-block-image size-large\"><a href=\"https:\/\/wpserwis.cfolks.pl\/r2\/wp-content\/uploads\/2021\/05\/centralne-3.jpg\"><img decoding=\"async\" src=\"https:\/\/wpserwis.cfolks.pl\/r2\/wp-content\/uploads\/2021\/05\/centralne-3.jpg\" alt=\"\" class=\"wp-image-25981\"\/><\/a><\/figure>\n\n\n\n<figure class=\"wp-block-image size-large\"><a href=\"https:\/\/wpserwis.cfolks.pl\/r2\/wp-content\/uploads\/2021\/05\/centralne-4.jpg\"><img decoding=\"async\" src=\"https:\/\/wpserwis.cfolks.pl\/r2\/wp-content\/uploads\/2021\/05\/centralne-4.jpg\" alt=\"\" class=\"wp-image-25982\"\/><\/a><\/figure>\n\n\n\n<figure class=\"wp-block-image size-large\"><a href=\"https:\/\/wpserwis.cfolks.pl\/r2\/wp-content\/uploads\/2021\/05\/centralne-5.jpg\"><img decoding=\"async\" src=\"https:\/\/wpserwis.cfolks.pl\/r2\/wp-content\/uploads\/2021\/05\/centralne-5.jpg\" alt=\"\" class=\"wp-image-25983\"\/><\/a><\/figure>\n\n\n\n<figure class=\"wp-block-image size-large\"><a href=\"https:\/\/wpserwis.cfolks.pl\/r2\/wp-content\/uploads\/2021\/05\/centralne-7.jpg\"><img decoding=\"async\" src=\"https:\/\/wpserwis.cfolks.pl\/r2\/wp-content\/uploads\/2021\/05\/centralne-7.jpg\" alt=\"\" class=\"wp-image-25985\"\/><\/a><\/figure>\n","protected":false},"excerpt":{"rendered":"<p>Za nami bardzo intensywny, wio\u015blarski weekend, dzia\u0142o si\u0119 nie tylko w Zagrzebiu, ale r\u00f3wnie\u017c na naszym rodzimym podw\u00f3rku &#8211; w Poznaniu odby\u0142y si\u0119 Centralne Regaty Otwarcia Sezonu! Pogoda nie rozpieszcza\u0142a w ten weekend zawodnik\u00f3w. Z powodu silnego wiatru i deszczu organizatorzy zdecydowali si\u0119 odwo\u0142a\u0107 niedzielna sesje popoludniow\u0105. Dla naszego klubu by\u0142y to jedne z najlepszych [&hellip;]<\/p>\n","protected":false},"author":1,"featured_media":25984,"comment_status":"closed","ping_status":"closed","sticky":false,"template":"","format":"standard","meta":{"_acf_changed":false,"footnotes":""},"categories":[1],"tags":[],"class_list":["post-25978","post","type-post","status-publish","format-standard","has-post-thumbnail","hentry","category-bez-kategorii"],"acf":[],"_links":{"self":[{"href":"https:\/\/wpserwis.cfolks.pl\/r2\/wp-json\/wp\/v2\/posts\/25978","targetHints":{"allow":["GET"]}}],"collection":[{"href":"https:\/\/wpserwis.cfolks.pl\/r2\/wp-json\/wp\/v2\/posts"}],"about":[{"href":"https:\/\/wpserwis.cfolks.pl\/r2\/wp-json\/wp\/v2\/types\/post"}],"author":[{"embeddable":true,"href":"https:\/\/wpserwis.cfolks.pl\/r2\/wp-json\/wp\/v2\/users\/1"}],"replies":[{"embeddable":true,"href":"https:\/\/wpserwis.cfolks.pl\/r2\/wp-json\/wp\/v2\/comments?post=25978"}],"version-history":[{"count":0,"href":"https:\/\/wpserwis.cfolks.pl\/r2\/wp-json\/wp\/v2\/posts\/25978\/revisions"}],"wp:featuredmedia":[{"embeddable":true,"href":"https:\/\/wpserwis.cfolks.pl\/r2\/wp-json\/"}],"wp:attachment":[{"href":"https:\/\/wpserwis.cfolks.pl\/r2\/wp-json\/wp\/v2\/media?parent=25978"}],"wp:term":[{"taxonomy":"category","embeddable":true,"href":"https:\/\/wpserwis.cfolks.pl\/r2\/wp-json\/wp\/v2\/categories?post=25978"},{"taxonomy":"post_tag","embeddable":true,"href":"https:\/\/wpserwis.cfolks.pl\/r2\/wp-json\/wp\/v2\/tags?post=25978"}],"curies":[{"name":"wp","href":"https:\/\/api.w.org\/{rel}","templated":true}]}}