{"id":25988,"date":"2021-05-05T13:17:10","date_gmt":"2021-05-05T11:17:10","guid":{"rendered":"https:\/\/wtw.waw.pl\/?p=25988"},"modified":"2021-05-05T13:17:10","modified_gmt":"2021-05-05T11:17:10","slug":"iii-miejsce-naszego-zeglarza-na-i-eliminacjach-wom","status":"publish","type":"post","link":"https:\/\/wpserwis.cfolks.pl\/r2\/iii-miejsce-naszego-zeglarza-na-i-eliminacjach-wom\/","title":{"rendered":"III MIEJSCE NASZEGO \u017bEGLARZA NA I ELIMINACJACH WOM!"},"content":{"rendered":"\n<p>Miniony weekend by\u0142 pe\u0142en nie tylko wio\u015blarskich sukces\u00f3w. Nasi mali \u017ceglarze udowodnili klas\u0119 na <strong>I eliminacjach Warszawskiej Olimpiady M\u0142odzie\u017cy, nad Zalewem Zegrzy\u0144skim<\/strong>! By\u0142y to pierwsze regaty w tym sezonie. Pogoda nie rozpieszcza\u0142a. Bardzo silny wiatr dochodzacy nawet do 20 w\u0119z\u0142\u00f3w, deszcz i ch\u0142\u00f3d nie przeszkodzi\u0142y naszym \u017ceglarzom w dobrym wyst\u0119pie. <strong>Nasz zawodnik Wiktor, po zaci\u0119tej rywalizacji uko\u0144czy\u0142 zawody na 3 miejscu!! <\/strong><\/p>\n\n\n\n<p>Serdecznie gratulujemy i \u017cyczymy dalszych sukces\u00f3w! Ogromne podziekowania dla trenera Ma\u0107ka Lato! <\/p>\n\n\n\n<figure class=\"wp-block-image size-large\"><a href=\"https:\/\/wpserwis.cfolks.pl\/r2\/wp-content\/uploads\/2021\/05\/zeglarze-1.jpg\"><img decoding=\"async\" src=\"https:\/\/wpserwis.cfolks.pl\/r2\/wp-content\/uploads\/2021\/05\/zeglarze-1.jpg\" alt=\"\" class=\"wp-image-25989\"\/><\/a><\/figure>\n\n\n\n<figure class=\"wp-block-image size-large\"><a href=\"https:\/\/wpserwis.cfolks.pl\/r2\/wp-content\/uploads\/2021\/05\/zeglarze-3.jpg\"><img decoding=\"async\" src=\"https:\/\/wpserwis.cfolks.pl\/r2\/wp-content\/uploads\/2021\/05\/zeglarze-3.jpg\" alt=\"\" class=\"wp-image-25991\"\/><\/a><\/figure>\n\n\n\n<figure class=\"wp-block-image size-large\"><a href=\"https:\/\/wpserwis.cfolks.pl\/r2\/wp-content\/uploads\/2021\/05\/zeglarze-4.jpg\"><img decoding=\"async\" src=\"https:\/\/wpserwis.cfolks.pl\/r2\/wp-content\/uploads\/2021\/05\/zeglarze-4.jpg\" alt=\"\" class=\"wp-image-25992\"\/><\/a><\/figure>\n","protected":false},"excerpt":{"rendered":"<p>Miniony weekend by\u0142 pe\u0142en nie tylko wio\u015blarskich sukces\u00f3w. Nasi mali \u017ceglarze udowodnili klas\u0119 na I eliminacjach Warszawskiej Olimpiady M\u0142odzie\u017cy, nad Zalewem Zegrzy\u0144skim! By\u0142y to pierwsze regaty w tym sezonie. Pogoda nie rozpieszcza\u0142a. Bardzo silny wiatr dochodzacy nawet do 20 w\u0119z\u0142\u00f3w, deszcz i ch\u0142\u00f3d nie przeszkodzi\u0142y naszym \u017ceglarzom w dobrym wyst\u0119pie. Nasz zawodnik Wiktor, po zaci\u0119tej [&hellip;]<\/p>\n","protected":false},"author":1,"featured_media":25990,"comment_status":"closed","ping_status":"closed","sticky":false,"template":"","format":"standard","meta":{"_acf_changed":false,"footnotes":""},"categories":[1],"tags":[],"class_list":["post-25988","post","type-post","status-publish","format-standard","has-post-thumbnail","hentry","category-bez-kategorii"],"acf":[],"_links":{"self":[{"href":"https:\/\/wpserwis.cfolks.pl\/r2\/wp-json\/wp\/v2\/posts\/25988","targetHints":{"allow":["GET"]}}],"collection":[{"href":"https:\/\/wpserwis.cfolks.pl\/r2\/wp-json\/wp\/v2\/posts"}],"about":[{"href":"https:\/\/wpserwis.cfolks.pl\/r2\/wp-json\/wp\/v2\/types\/post"}],"author":[{"embeddable":true,"href":"https:\/\/wpserwis.cfolks.pl\/r2\/wp-json\/wp\/v2\/users\/1"}],"replies":[{"embeddable":true,"href":"https:\/\/wpserwis.cfolks.pl\/r2\/wp-json\/wp\/v2\/comments?post=25988"}],"version-history":[{"count":0,"href":"https:\/\/wpserwis.cfolks.pl\/r2\/wp-json\/wp\/v2\/posts\/25988\/revisions"}],"wp:featuredmedia":[{"embeddable":true,"href":"https:\/\/wpserwis.cfolks.pl\/r2\/wp-json\/"}],"wp:attachment":[{"href":"https:\/\/wpserwis.cfolks.pl\/r2\/wp-json\/wp\/v2\/media?parent=25988"}],"wp:term":[{"taxonomy":"category","embeddable":true,"href":"https:\/\/wpserwis.cfolks.pl\/r2\/wp-json\/wp\/v2\/categories?post=25988"},{"taxonomy":"post_tag","embeddable":true,"href":"https:\/\/wpserwis.cfolks.pl\/r2\/wp-json\/wp\/v2\/tags?post=25988"}],"curies":[{"name":"wp","href":"https:\/\/api.w.org\/{rel}","templated":true}]}}