{"id":25999,"date":"2021-05-07T17:11:35","date_gmt":"2021-05-07T15:11:35","guid":{"rendered":"https:\/\/wtw.waw.pl\/?p=25999"},"modified":"2021-05-07T17:11:35","modified_gmt":"2021-05-07T15:11:35","slug":"nasza-zawodniczka-powolana-na-zgrupowanie-kardy-narodowej-juniorow","status":"publish","type":"post","link":"https:\/\/wpserwis.cfolks.pl\/r2\/nasza-zawodniczka-powolana-na-zgrupowanie-kardy-narodowej-juniorow\/","title":{"rendered":"NASZA ZAWODNICZKA POWO\u0141ANA NA ZGRUPOWANIE KARDY NARODOWEJ JUNIOR\u00d3W!"},"content":{"rendered":"\n<p><strong>Nasza zawodniczka &#8211; Julia Facon, wraz ze swoj\u0105 trenerk\u0105, niezast\u0105pion\u0105 Agnieszk\u0105 Renc, powo\u0142ana zosta\u0142a na zgrupowanie szkoleniowe kadry narodowej junior\u00f3w! <\/strong><\/p>\n\n\n\n<p>Zgrupowanie odbywa si\u0119 w O\u015brodku COS-OPO Wa\u0142cz w dniach od 9 do 20 maja br.. <\/p>\n\n\n\n<p><strong>Serdecznie gratulujemy i \u017cyczymy Julii doskona\u0142ych i jak najbardziej efektywnych trening\u00f3w! <\/strong><\/p>\n","protected":false},"excerpt":{"rendered":"<p>Nasza zawodniczka &#8211; Julia Facon, wraz ze swoj\u0105 trenerk\u0105, niezast\u0105pion\u0105 Agnieszk\u0105 Renc, powo\u0142ana zosta\u0142a na zgrupowanie szkoleniowe kadry narodowej junior\u00f3w! Zgrupowanie odbywa si\u0119 w O\u015brodku COS-OPO Wa\u0142cz w dniach od 9 do 20 maja br.. Serdecznie gratulujemy i \u017cyczymy Julii doskona\u0142ych i jak najbardziej efektywnych trening\u00f3w!<\/p>\n","protected":false},"author":1,"featured_media":26000,"comment_status":"closed","ping_status":"closed","sticky":false,"template":"","format":"standard","meta":{"_acf_changed":false,"footnotes":""},"categories":[1],"tags":[],"class_list":["post-25999","post","type-post","status-publish","format-standard","has-post-thumbnail","hentry","category-bez-kategorii"],"acf":[],"_links":{"self":[{"href":"https:\/\/wpserwis.cfolks.pl\/r2\/wp-json\/wp\/v2\/posts\/25999","targetHints":{"allow":["GET"]}}],"collection":[{"href":"https:\/\/wpserwis.cfolks.pl\/r2\/wp-json\/wp\/v2\/posts"}],"about":[{"href":"https:\/\/wpserwis.cfolks.pl\/r2\/wp-json\/wp\/v2\/types\/post"}],"author":[{"embeddable":true,"href":"https:\/\/wpserwis.cfolks.pl\/r2\/wp-json\/wp\/v2\/users\/1"}],"replies":[{"embeddable":true,"href":"https:\/\/wpserwis.cfolks.pl\/r2\/wp-json\/wp\/v2\/comments?post=25999"}],"version-history":[{"count":0,"href":"https:\/\/wpserwis.cfolks.pl\/r2\/wp-json\/wp\/v2\/posts\/25999\/revisions"}],"wp:featuredmedia":[{"embeddable":true,"href":"https:\/\/wpserwis.cfolks.pl\/r2\/wp-json\/"}],"wp:attachment":[{"href":"https:\/\/wpserwis.cfolks.pl\/r2\/wp-json\/wp\/v2\/media?parent=25999"}],"wp:term":[{"taxonomy":"category","embeddable":true,"href":"https:\/\/wpserwis.cfolks.pl\/r2\/wp-json\/wp\/v2\/categories?post=25999"},{"taxonomy":"post_tag","embeddable":true,"href":"https:\/\/wpserwis.cfolks.pl\/r2\/wp-json\/wp\/v2\/tags?post=25999"}],"curies":[{"name":"wp","href":"https:\/\/api.w.org\/{rel}","templated":true}]}}