{"id":26011,"date":"2021-05-19T11:38:04","date_gmt":"2021-05-19T09:38:04","guid":{"rendered":"https:\/\/wtw.waw.pl\/?p=26011"},"modified":"2021-05-19T11:38:04","modified_gmt":"2021-05-19T09:38:04","slug":"doskonaly-dzien-otwarty-na-marinie","status":"publish","type":"post","link":"https:\/\/wpserwis.cfolks.pl\/r2\/doskonaly-dzien-otwarty-na-marinie\/","title":{"rendered":"DOSKONA\u0141Y DZIE\u0143 OTWARTY NA MARINIE"},"content":{"rendered":"\n<p>Dzie\u0144 otwarty na Marinie zdecydowanie mo\u017cemy zaliczy\u0107 do sukces\u00f3w! Dopisa\u0142a zar\u00f3wno pogoda, jak i frekwencja. <strong>Cieszymy si\u0119, \u017ce tak du\u017co dzieci by\u0142o zainteresowanych rozpocz\u0119ciem swojej przygody z \u017caglami i wst\u0105pieniem w nasze szeregi. <\/strong><\/p>\n\n\n\n<p><strong>Bardzo dzi\u0119kujemy wszystkim przyby\u0142ym i zapraszamy na pierwsze treningi! <\/strong><\/p>\n\n\n\n<figure class=\"wp-block-image size-large\"><a href=\"https:\/\/wpserwis.cfolks.pl\/r2\/wp-content\/uploads\/2021\/05\/Marina-2.jpg\"><img decoding=\"async\" src=\"https:\/\/wpserwis.cfolks.pl\/r2\/wp-content\/uploads\/2021\/05\/Marina-2.jpg\" alt=\"\" class=\"wp-image-26013\"\/><\/a><\/figure>\n\n\n\n<figure class=\"wp-block-image size-large\"><a href=\"https:\/\/wpserwis.cfolks.pl\/r2\/wp-content\/uploads\/2021\/05\/Marina-3.jpg\"><img decoding=\"async\" src=\"https:\/\/wpserwis.cfolks.pl\/r2\/wp-content\/uploads\/2021\/05\/Marina-3.jpg\" alt=\"\" class=\"wp-image-26014\"\/><\/a><\/figure>\n\n\n\n<figure class=\"wp-block-image size-large\"><a href=\"https:\/\/wpserwis.cfolks.pl\/r2\/wp-content\/uploads\/2021\/05\/Marina-4.jpg\"><img decoding=\"async\" src=\"https:\/\/wpserwis.cfolks.pl\/r2\/wp-content\/uploads\/2021\/05\/Marina-4.jpg\" alt=\"\" class=\"wp-image-26015\"\/><\/a><\/figure>\n\n\n\n<figure class=\"wp-block-image size-large\"><a href=\"https:\/\/wpserwis.cfolks.pl\/r2\/wp-content\/uploads\/2021\/05\/Marina-5.jpg\"><img decoding=\"async\" src=\"https:\/\/wpserwis.cfolks.pl\/r2\/wp-content\/uploads\/2021\/05\/Marina-5.jpg\" alt=\"\" class=\"wp-image-26016\"\/><\/a><\/figure>\n","protected":false},"excerpt":{"rendered":"<p>Dzie\u0144 otwarty na Marinie zdecydowanie mo\u017cemy zaliczy\u0107 do sukces\u00f3w! Dopisa\u0142a zar\u00f3wno pogoda, jak i frekwencja. Cieszymy si\u0119, \u017ce tak du\u017co dzieci by\u0142o zainteresowanych rozpocz\u0119ciem swojej przygody z \u017caglami i wst\u0105pieniem w nasze szeregi. Bardzo dzi\u0119kujemy wszystkim przyby\u0142ym i zapraszamy na pierwsze treningi!<\/p>\n","protected":false},"author":1,"featured_media":26012,"comment_status":"closed","ping_status":"closed","sticky":false,"template":"","format":"standard","meta":{"_acf_changed":false,"footnotes":""},"categories":[1],"tags":[],"class_list":["post-26011","post","type-post","status-publish","format-standard","has-post-thumbnail","hentry","category-bez-kategorii"],"acf":[],"_links":{"self":[{"href":"https:\/\/wpserwis.cfolks.pl\/r2\/wp-json\/wp\/v2\/posts\/26011","targetHints":{"allow":["GET"]}}],"collection":[{"href":"https:\/\/wpserwis.cfolks.pl\/r2\/wp-json\/wp\/v2\/posts"}],"about":[{"href":"https:\/\/wpserwis.cfolks.pl\/r2\/wp-json\/wp\/v2\/types\/post"}],"author":[{"embeddable":true,"href":"https:\/\/wpserwis.cfolks.pl\/r2\/wp-json\/wp\/v2\/users\/1"}],"replies":[{"embeddable":true,"href":"https:\/\/wpserwis.cfolks.pl\/r2\/wp-json\/wp\/v2\/comments?post=26011"}],"version-history":[{"count":0,"href":"https:\/\/wpserwis.cfolks.pl\/r2\/wp-json\/wp\/v2\/posts\/26011\/revisions"}],"wp:featuredmedia":[{"embeddable":true,"href":"https:\/\/wpserwis.cfolks.pl\/r2\/wp-json\/"}],"wp:attachment":[{"href":"https:\/\/wpserwis.cfolks.pl\/r2\/wp-json\/wp\/v2\/media?parent=26011"}],"wp:term":[{"taxonomy":"category","embeddable":true,"href":"https:\/\/wpserwis.cfolks.pl\/r2\/wp-json\/wp\/v2\/categories?post=26011"},{"taxonomy":"post_tag","embeddable":true,"href":"https:\/\/wpserwis.cfolks.pl\/r2\/wp-json\/wp\/v2\/tags?post=26011"}],"curies":[{"name":"wp","href":"https:\/\/api.w.org\/{rel}","templated":true}]}}