{"id":26023,"date":"2021-05-24T09:30:44","date_gmt":"2021-05-24T07:30:44","guid":{"rendered":"https:\/\/wtw.waw.pl\/?p=26023"},"modified":"2021-05-24T09:30:44","modified_gmt":"2021-05-24T07:30:44","slug":"pozegnanie-wladyslawa-szustorowskiego","status":"publish","type":"post","link":"https:\/\/wpserwis.cfolks.pl\/r2\/pozegnanie-wladyslawa-szustorowskiego\/","title":{"rendered":"PO\u017bEGNANIE W\u0141ADYS\u0141AWA SZUSTOROWSKIEGO"},"content":{"rendered":"\n<p>Z przykro\u015bci\u0105 informujemy o szczeg\u00f3\u0142ach pogrzebu naszego drogiego Druha W\u0142adys\u0142awa Szustorowskiego. <\/p>\n\n\n\n<p><strong>Odprowadzenie do grobu i ceremonia po\u017cegnania odb\u0119d\u0105 si\u0119 w dniu 28 maja 2021r. o godzinie 14:00 na Cmentarzu P\u00f3\u0142nocnym. <\/strong><\/p>\n\n\n\n<figure class=\"wp-block-image size-large\"><a href=\"https:\/\/wpserwis.cfolks.pl\/r2\/wp-content\/uploads\/2021\/05\/Wolka-Weglowa.png\"><img decoding=\"async\" src=\"https:\/\/wpserwis.cfolks.pl\/r2\/wp-content\/uploads\/2021\/05\/Wolka-Weglowa.png\" alt=\"\" class=\"wp-image-26025\"\/><\/a><\/figure>\n","protected":false},"excerpt":{"rendered":"<p>Z przykro\u015bci\u0105 informujemy o szczeg\u00f3\u0142ach pogrzebu naszego drogiego Druha W\u0142adys\u0142awa Szustorowskiego. Odprowadzenie do grobu i ceremonia po\u017cegnania odb\u0119d\u0105 si\u0119 w dniu 28 maja 2021r. o godzinie 14:00 na Cmentarzu P\u00f3\u0142nocnym.<\/p>\n","protected":false},"author":1,"featured_media":26024,"comment_status":"closed","ping_status":"closed","sticky":false,"template":"","format":"standard","meta":{"_acf_changed":false,"footnotes":""},"categories":[1],"tags":[],"class_list":["post-26023","post","type-post","status-publish","format-standard","has-post-thumbnail","hentry","category-bez-kategorii"],"acf":[],"_links":{"self":[{"href":"https:\/\/wpserwis.cfolks.pl\/r2\/wp-json\/wp\/v2\/posts\/26023","targetHints":{"allow":["GET"]}}],"collection":[{"href":"https:\/\/wpserwis.cfolks.pl\/r2\/wp-json\/wp\/v2\/posts"}],"about":[{"href":"https:\/\/wpserwis.cfolks.pl\/r2\/wp-json\/wp\/v2\/types\/post"}],"author":[{"embeddable":true,"href":"https:\/\/wpserwis.cfolks.pl\/r2\/wp-json\/wp\/v2\/users\/1"}],"replies":[{"embeddable":true,"href":"https:\/\/wpserwis.cfolks.pl\/r2\/wp-json\/wp\/v2\/comments?post=26023"}],"version-history":[{"count":0,"href":"https:\/\/wpserwis.cfolks.pl\/r2\/wp-json\/wp\/v2\/posts\/26023\/revisions"}],"wp:featuredmedia":[{"embeddable":true,"href":"https:\/\/wpserwis.cfolks.pl\/r2\/wp-json\/"}],"wp:attachment":[{"href":"https:\/\/wpserwis.cfolks.pl\/r2\/wp-json\/wp\/v2\/media?parent=26023"}],"wp:term":[{"taxonomy":"category","embeddable":true,"href":"https:\/\/wpserwis.cfolks.pl\/r2\/wp-json\/wp\/v2\/categories?post=26023"},{"taxonomy":"post_tag","embeddable":true,"href":"https:\/\/wpserwis.cfolks.pl\/r2\/wp-json\/wp\/v2\/tags?post=26023"}],"curies":[{"name":"wp","href":"https:\/\/api.w.org\/{rel}","templated":true}]}}