{"id":26027,"date":"2021-05-24T10:58:25","date_gmt":"2021-05-24T08:58:25","guid":{"rendered":"https:\/\/wtw.waw.pl\/?p=26027"},"modified":"2021-05-24T10:58:25","modified_gmt":"2021-05-24T08:58:25","slug":"sezon-sportowo-turystyczny-2021-rozpoczety","status":"publish","type":"post","link":"https:\/\/wpserwis.cfolks.pl\/r2\/sezon-sportowo-turystyczny-2021-rozpoczety\/","title":{"rendered":"SEZON SPORTOWO &#8211; TURYSTYCZNY 2021 ROZPOCZ\u0118TY!"},"content":{"rendered":"\n<p><strong>Z przyjemno\u015bci\u0105 og\u0142aszamy, \u017ce w sobot\u0119 22 maja 2021r. oficjalnie otwarty zosta\u0142 Sezon Sportowo &#8211; Turystyczny 2021r.! <\/strong><\/p>\n\n\n\n<p>Pogoda dopisa\u0142a tylko przez pierwsz\u0105 cz\u0119\u015b\u0107 dnia, jednak nie powstrzyma\u0142o nas to przed \u015bwi\u0119towaniem w pe\u0142ni tej uroczysto\u015bci. <\/p>\n\n\n\n<p>Dzie\u0144 rozpocz\u0105\u0142 si\u0119 <strong>Derbami Warszawy Amatorskich \u00f3semek<\/strong>, kt\u00f3re mia\u0142y szcz\u0119\u015bcie odby\u0107 si\u0119 jeszcze w pe\u0142nym s\u0142o\u0144cu. Same obchody <strong>Otwarcia Sezonu rozpocz\u0119\u0142y si\u0119 Msz\u0105 \u015awi\u0119t\u0105 w parafii \u015aw. Tr\u00f3jcy przy ul. Solec 61. Nast\u0119pnie uroczysto\u015b\u0107 przenios\u0142a si\u0119 na przysta\u0144 WTW przy ul. Zaruskiego 12, gdzie oficjalnie otwarty zosta\u0142 sezon. <\/strong><\/p>\n\n\n\n<p>Na tegorocznym Otwarciu mieli\u015bmy przyjemno\u015b\u0107 uroczy\u015bcie podzi\u0119kowa\u0107 <strong>Trenerce Danucie Kotwi\u0144skiej, kt\u00f3ra otrzyma\u0142a nadany przez Walne Zebranie tytu\u0142 Honorowego Cz\u0142onka naszego Towarzystwa oraz Pani Zofii Paw\u0142owskiej<\/strong>, kt\u00f3ra dzielnie pracowa\u0142a w ksi\u0119gowo\u015bci WTW przez przesz\u0142o 35 lat. <\/p>\n\n\n\n<p>W ramach obchod\u00f3w Otwarcia, miejsce mia\u0142 r\u00f3wnie\u017c <strong>chrzest sze\u015bciu \u0142odzi wio\u015blarskich<\/strong> .Chrzcili\u015bmy trzy nowe jedynki Filippi (dedykowane dla obecnie najlepszych zawodnik\u00f3w WTW) dwie czw\u00f3rki i jedn\u0105 \u00f3semk\u0119. \u0141odzie nazwane zosta\u0142y m.in. imionami zmar\u0142ych w ostatnim czasie Cz\u0142onk\u00f3w Towarzystwa (dh W\u0142adys\u0142aw Szustorowski, dh Jan Sznajder, dh Zygmunt \u0141ozi\u0144ski, dh Miros\u0142aw Pytel). Oby \u0142\u00f3dki jak najlepiej s\u0142u\u017cy\u0142y naszym zawodnikom! <\/p>\n\n\n\n<p>Po cz\u0119\u015bci oficjalnej nast\u0105pi\u0142 pocz\u0119stunek, w trakcie kt\u00f3rego zaproszeni Go\u015bcie, Cz\u0142onkowie Towarzystwa oraz zawodnicy mogli cieszy\u0107 si\u0119 nawzajem swoim towarzystwem. <\/p>\n\n\n\n<p>Dzi\u0119kujemy Firmie Sen Warsaw za smaczny tego dnia catering oraz Firmie Carlsberg (reprezentowanej przez agencj\u0119 Level Up) za kolorowe napoje.<\/p>\n\n\n\n<figure class=\"wp-block-image size-large\"><a href=\"https:\/\/wpserwis.cfolks.pl\/r2\/wp-content\/uploads\/2021\/05\/wybrane-1.jpg\"><img decoding=\"async\" src=\"https:\/\/wpserwis.cfolks.pl\/r2\/wp-content\/uploads\/2021\/05\/wybrane-1-1024x683.jpg\" alt=\"\" class=\"wp-image-26028\"\/><\/a><\/figure>\n\n\n\n<figure class=\"wp-block-image size-large\"><a href=\"https:\/\/wpserwis.cfolks.pl\/r2\/wp-content\/uploads\/2021\/05\/wybrane-2.jpg\"><img decoding=\"async\" src=\"https:\/\/wpserwis.cfolks.pl\/r2\/wp-content\/uploads\/2021\/05\/wybrane-2-683x1024.jpg\" alt=\"\" class=\"wp-image-26029\"\/><\/a><\/figure>\n\n\n\n<figure class=\"wp-block-image size-large\"><a href=\"https:\/\/wpserwis.cfolks.pl\/r2\/wp-content\/uploads\/2021\/05\/wybrane-3.jpg\"><img decoding=\"async\" src=\"https:\/\/wpserwis.cfolks.pl\/r2\/wp-content\/uploads\/2021\/05\/wybrane-3-1024x693.jpg\" alt=\"\" class=\"wp-image-26030\"\/><\/a><\/figure>\n\n\n\n<figure class=\"wp-block-image size-large\"><a href=\"https:\/\/wpserwis.cfolks.pl\/r2\/wp-content\/uploads\/2021\/05\/wybrane-4.jpg\"><img decoding=\"async\" src=\"https:\/\/wpserwis.cfolks.pl\/r2\/wp-content\/uploads\/2021\/05\/wybrane-4-1024x683.jpg\" alt=\"\" class=\"wp-image-26031\"\/><\/a><\/figure>\n\n\n\n<figure class=\"wp-block-image size-large\"><a href=\"https:\/\/wpserwis.cfolks.pl\/r2\/wp-content\/uploads\/2021\/05\/wybrane-6.jpg\"><img decoding=\"async\" src=\"https:\/\/wpserwis.cfolks.pl\/r2\/wp-content\/uploads\/2021\/05\/wybrane-6-1024x683.jpg\" alt=\"\" class=\"wp-image-26033\"\/><\/a><\/figure>\n\n\n\n<figure class=\"wp-block-image size-large\"><a href=\"https:\/\/wpserwis.cfolks.pl\/r2\/wp-content\/uploads\/2021\/05\/wybrane-7.jpg\"><img decoding=\"async\" src=\"https:\/\/wpserwis.cfolks.pl\/r2\/wp-content\/uploads\/2021\/05\/wybrane-7-1024x683.jpg\" alt=\"\" class=\"wp-image-26034\"\/><\/a><\/figure>\n\n\n\n<figure class=\"wp-block-image size-large\"><a href=\"https:\/\/wpserwis.cfolks.pl\/r2\/wp-content\/uploads\/2021\/05\/wybrane-8.jpg\"><img decoding=\"async\" src=\"https:\/\/wpserwis.cfolks.pl\/r2\/wp-content\/uploads\/2021\/05\/wybrane-8-1024x683.jpg\" alt=\"\" class=\"wp-image-26035\"\/><\/a><\/figure>\n\n\n\n<figure class=\"wp-block-image size-large\"><a href=\"https:\/\/wpserwis.cfolks.pl\/r2\/wp-content\/uploads\/2021\/05\/wybrane-9.jpg\"><img decoding=\"async\" src=\"https:\/\/wpserwis.cfolks.pl\/r2\/wp-content\/uploads\/2021\/05\/wybrane-9-1024x683.jpg\" alt=\"\" class=\"wp-image-26036\"\/><\/a><\/figure>\n\n\n\n<figure class=\"wp-block-image size-large\"><a href=\"https:\/\/wpserwis.cfolks.pl\/r2\/wp-content\/uploads\/2021\/05\/wybrane-10.jpg\"><img decoding=\"async\" src=\"https:\/\/wpserwis.cfolks.pl\/r2\/wp-content\/uploads\/2021\/05\/wybrane-10-1024x683.jpg\" alt=\"\" class=\"wp-image-26037\"\/><\/a><\/figure>\n\n\n\n<p><\/p>\n\n\n\n<p><\/p>\n","protected":false},"excerpt":{"rendered":"<p>Z przyjemno\u015bci\u0105 og\u0142aszamy, \u017ce w sobot\u0119 22 maja 2021r. oficjalnie otwarty zosta\u0142 Sezon Sportowo &#8211; Turystyczny 2021r.! Pogoda dopisa\u0142a tylko przez pierwsz\u0105 cz\u0119\u015b\u0107 dnia, jednak nie powstrzyma\u0142o nas to przed \u015bwi\u0119towaniem w pe\u0142ni tej uroczysto\u015bci. Dzie\u0144 rozpocz\u0105\u0142 si\u0119 Derbami Warszawy Amatorskich \u00f3semek, kt\u00f3re mia\u0142y szcz\u0119\u015bcie odby\u0107 si\u0119 jeszcze w pe\u0142nym s\u0142o\u0144cu. Same obchody Otwarcia Sezonu [&hellip;]<\/p>\n","protected":false},"author":1,"featured_media":26032,"comment_status":"closed","ping_status":"closed","sticky":false,"template":"","format":"standard","meta":{"_acf_changed":false,"footnotes":""},"categories":[1],"tags":[],"class_list":["post-26027","post","type-post","status-publish","format-standard","has-post-thumbnail","hentry","category-bez-kategorii"],"acf":[],"_links":{"self":[{"href":"https:\/\/wpserwis.cfolks.pl\/r2\/wp-json\/wp\/v2\/posts\/26027","targetHints":{"allow":["GET"]}}],"collection":[{"href":"https:\/\/wpserwis.cfolks.pl\/r2\/wp-json\/wp\/v2\/posts"}],"about":[{"href":"https:\/\/wpserwis.cfolks.pl\/r2\/wp-json\/wp\/v2\/types\/post"}],"author":[{"embeddable":true,"href":"https:\/\/wpserwis.cfolks.pl\/r2\/wp-json\/wp\/v2\/users\/1"}],"replies":[{"embeddable":true,"href":"https:\/\/wpserwis.cfolks.pl\/r2\/wp-json\/wp\/v2\/comments?post=26027"}],"version-history":[{"count":0,"href":"https:\/\/wpserwis.cfolks.pl\/r2\/wp-json\/wp\/v2\/posts\/26027\/revisions"}],"wp:featuredmedia":[{"embeddable":true,"href":"https:\/\/wpserwis.cfolks.pl\/r2\/wp-json\/"}],"wp:attachment":[{"href":"https:\/\/wpserwis.cfolks.pl\/r2\/wp-json\/wp\/v2\/media?parent=26027"}],"wp:term":[{"taxonomy":"category","embeddable":true,"href":"https:\/\/wpserwis.cfolks.pl\/r2\/wp-json\/wp\/v2\/categories?post=26027"},{"taxonomy":"post_tag","embeddable":true,"href":"https:\/\/wpserwis.cfolks.pl\/r2\/wp-json\/wp\/v2\/tags?post=26027"}],"curies":[{"name":"wp","href":"https:\/\/api.w.org\/{rel}","templated":true}]}}