{"id":26045,"date":"2021-05-25T10:08:53","date_gmt":"2021-05-25T08:08:53","guid":{"rendered":"https:\/\/wtw.waw.pl\/?p=26045"},"modified":"2021-05-25T10:08:53","modified_gmt":"2021-05-25T08:08:53","slug":"doskonale-starty-naszych-zeglarzy-na-mistrzostwach-mazowsza","status":"publish","type":"post","link":"https:\/\/wpserwis.cfolks.pl\/r2\/doskonale-starty-naszych-zeglarzy-na-mistrzostwach-mazowsza\/","title":{"rendered":"DOSKONA\u0141E STARTY NASZYCH \u017bEGLARZY NA MISTRZOSTWACH MAZOWSZA!"},"content":{"rendered":"\n<p>W ostatni weekend odby\u0142y si\u0119 Mistrzostwa Mazowsza w \u017ceglarstwie. Pogoda nie rozpieszcza\u0142a zawodnik\u00f3w na wodach Zalewu Zegrzy\u0144skiego. W niedziel\u0119 szala\u0142 bardzo silny wiatr, w porywach powy\u017cej 25 w\u0119z\u0142\u00f3w. <\/p>\n\n\n\n<p><strong>Nasz zawodnik &#8211; Wiktor Maria\u0144ski, zdoby\u0142 imponuj\u0105ce I miejsce w klasyfikacji generalnej OPP grupa B, wygrywaj\u0105c tym samym regaty oraz Puchar W\u00f3jta Gminy Niepor\u0119t! <\/strong><\/p>\n\n\n\n<p><strong>Ogromne gratulacje dla Wiktora oraz jego trenera Ma\u0107ka Lato! <\/strong><\/p>\n\n\n\n<p><strong>By\u0142y to tak\u017ce debiutanckie zawody naszych najm\u0142odszych zawodnik\u00f3w &#8211; Kajetana i Franka. Jeste\u015bmy z nich bardzo zadowoleni i trzymamy kciuki za jeszcze wiele, wiele start\u00f3w i jak najwi\u0119cej sukces\u00f3w! <\/strong><\/p>\n\n\n\n<p>Dzi\u0119kujemy! <\/p>\n\n\n\n<figure class=\"wp-block-image size-large\"><a href=\"https:\/\/wpserwis.cfolks.pl\/r2\/wp-content\/uploads\/2021\/05\/DSC_0106-scaled.jpg\"><img decoding=\"async\" src=\"https:\/\/wpserwis.cfolks.pl\/r2\/wp-content\/uploads\/2021\/05\/DSC_0106-1024x678.jpg\" alt=\"\" class=\"wp-image-26044\"\/><\/a><\/figure>\n\n\n\n<figure class=\"wp-block-image size-large\"><a href=\"https:\/\/wpserwis.cfolks.pl\/r2\/wp-content\/uploads\/2021\/05\/189928975_482130126359840_2183918191484201911_n.jpg\"><img decoding=\"async\" src=\"https:\/\/wpserwis.cfolks.pl\/r2\/wp-content\/uploads\/2021\/05\/189928975_482130126359840_2183918191484201911_n-1024x768.jpg\" alt=\"\" class=\"wp-image-26041\"\/><\/a><\/figure>\n\n\n\n<figure class=\"wp-block-image size-large\"><a href=\"https:\/\/wpserwis.cfolks.pl\/r2\/wp-content\/uploads\/2021\/05\/DSC_0095-scaled.jpg\"><img decoding=\"async\" src=\"https:\/\/wpserwis.cfolks.pl\/r2\/wp-content\/uploads\/2021\/05\/DSC_0095-1024x678.jpg\" alt=\"\" class=\"wp-image-26043\"\/><\/a><\/figure>\n\n\n\n<figure class=\"wp-block-image size-large\"><a href=\"https:\/\/wpserwis.cfolks.pl\/r2\/wp-content\/uploads\/2021\/05\/DSC_0085-scaled.jpg\"><img decoding=\"async\" src=\"https:\/\/wpserwis.cfolks.pl\/r2\/wp-content\/uploads\/2021\/05\/DSC_0085-1024x678.jpg\" alt=\"\" class=\"wp-image-26042\"\/><\/a><\/figure>\n\n\n\n<p><\/p>\n\n\n\n<p><\/p>\n","protected":false},"excerpt":{"rendered":"<p>W ostatni weekend odby\u0142y si\u0119 Mistrzostwa Mazowsza w \u017ceglarstwie. Pogoda nie rozpieszcza\u0142a zawodnik\u00f3w na wodach Zalewu Zegrzy\u0144skiego. W niedziel\u0119 szala\u0142 bardzo silny wiatr, w porywach powy\u017cej 25 w\u0119z\u0142\u00f3w. Nasz zawodnik &#8211; Wiktor Maria\u0144ski, zdoby\u0142 imponuj\u0105ce I miejsce w klasyfikacji generalnej OPP grupa B, wygrywaj\u0105c tym samym regaty oraz Puchar W\u00f3jta Gminy Niepor\u0119t! Ogromne gratulacje dla [&hellip;]<\/p>\n","protected":false},"author":1,"featured_media":26040,"comment_status":"closed","ping_status":"closed","sticky":false,"template":"","format":"standard","meta":{"_acf_changed":false,"footnotes":""},"categories":[1],"tags":[],"class_list":["post-26045","post","type-post","status-publish","format-standard","has-post-thumbnail","hentry","category-bez-kategorii"],"acf":[],"_links":{"self":[{"href":"https:\/\/wpserwis.cfolks.pl\/r2\/wp-json\/wp\/v2\/posts\/26045","targetHints":{"allow":["GET"]}}],"collection":[{"href":"https:\/\/wpserwis.cfolks.pl\/r2\/wp-json\/wp\/v2\/posts"}],"about":[{"href":"https:\/\/wpserwis.cfolks.pl\/r2\/wp-json\/wp\/v2\/types\/post"}],"author":[{"embeddable":true,"href":"https:\/\/wpserwis.cfolks.pl\/r2\/wp-json\/wp\/v2\/users\/1"}],"replies":[{"embeddable":true,"href":"https:\/\/wpserwis.cfolks.pl\/r2\/wp-json\/wp\/v2\/comments?post=26045"}],"version-history":[{"count":0,"href":"https:\/\/wpserwis.cfolks.pl\/r2\/wp-json\/wp\/v2\/posts\/26045\/revisions"}],"wp:featuredmedia":[{"embeddable":true,"href":"https:\/\/wpserwis.cfolks.pl\/r2\/wp-json\/"}],"wp:attachment":[{"href":"https:\/\/wpserwis.cfolks.pl\/r2\/wp-json\/wp\/v2\/media?parent=26045"}],"wp:term":[{"taxonomy":"category","embeddable":true,"href":"https:\/\/wpserwis.cfolks.pl\/r2\/wp-json\/wp\/v2\/categories?post=26045"},{"taxonomy":"post_tag","embeddable":true,"href":"https:\/\/wpserwis.cfolks.pl\/r2\/wp-json\/wp\/v2\/tags?post=26045"}],"curies":[{"name":"wp","href":"https:\/\/api.w.org\/{rel}","templated":true}]}}