{"id":26065,"date":"2021-05-31T18:51:32","date_gmt":"2021-05-31T16:51:32","guid":{"rendered":"https:\/\/wtw.waw.pl\/?p=26065"},"modified":"2021-05-31T18:51:32","modified_gmt":"2021-05-31T16:51:32","slug":"slodko-gorzka-niedziela","status":"publish","type":"post","link":"https:\/\/wpserwis.cfolks.pl\/r2\/slodko-gorzka-niedziela\/","title":{"rendered":"S\u0141ODKO &#8211; GORZKA NIEDZIELA&#8230;"},"content":{"rendered":"\n<p>Niestety musimy podzieli\u0107 si\u0119 z Wami bardzo smutn\u0105 wiadomo\u015bci\u0105. Wczoraj wieczorem wracaj\u0105c z Regat w Kruszwicy dosz\u0142o do powa\u017cnego wypadku. Na autostradzie A2 (oko\u0142o 50km od Warszawy), bus wjecha\u0142 w nasz transport sprz\u0119tu &#8211; w przyczep\u0119 zapakowan\u0105 najlepszymi \u0142odziami wio\u015blarskimi. Na szcz\u0119\u015bcie w wypadku nikt z ludzi nie ucierpia\u0142&#8230;<\/p>\n\n\n\n<p>W konsekwencji dwie czw\u00f3rki p\u00f3jd\u0105 do kasacji. Nasza jedyna \u00f3semka zosta\u0142a r\u00f3wnie\u017c mocno poturbowana i czekamy na ocen\u0119 zniszcze\u0144. Kolejnych 6 \u0142odzi ma powa\u017cne uszkodzenia. Trwa szacowanie strat, kt\u00f3re wiemy, \u017ce b\u0119d\u0105 bardzo du\u017ce.<\/p>\n\n\n\n<p>Jest Nam niezmiernie przykro komunikowa\u0107 o tej sytuacji, kt\u00f3ra jest dla nas prawdziw\u0105 tragedi\u0105, na samym pocz\u0105tku sezonu startowego. Stracili\u015bmy niezmiernie warto\u015bciowe narz\u0119dzia do pracy. Za chwil\u0119 wakacyjne zgrupowania i najwa\u017cniejsze starty w sezonie. Na czas nieokre\u015blony stracili\u015bmy przyczep\u0119 na \u0142odzie wio\u015blarskie. Niedziela by\u0142a dla Nas s\u0142odko &#8211; gorzkim dniem. Rozpocz\u0119\u0142a si\u0119 \u015bwietnymi wyst\u0119pami naszych podopiecznych w Centralnych Regatach Kontrolnych Junior\u00f3w, a zako\u0144czy\u0142a ogromn\u0105 katastrof\u0105 dla Naszego klubu.<\/p>\n\n\n\n<p>Na pewno na d\u0142ugo zapami\u0119tamy ten dzie\u0144&#8230;<\/p>\n\n\n\n<p>Dzi\u0119kujemy naszym pracownikom, kt\u00f3rzy do p\u00f3\u017anych godzin nocnych zabezpieczali maj\u0105tek Klubu (wyruszy\u0142a r\u00f3wnie\u017c pomoc z Warszawy), by szcz\u0119\u015bliwie nad ranem dowie\u017a\u0107 go do WTW.<\/p>\n\n\n\n<figure class=\"wp-block-image size-large\"><a href=\"blob:https:\/\/wtw.waw.pl\/55ab297c-13ec-43ad-8632-5608adcc005d\"><img decoding=\"async\" src=\"blob:https:\/\/wtw.waw.pl\/55ab297c-13ec-43ad-8632-5608adcc005d\" alt=\"\"><\/a><\/figure>\n\n\n\n<figure class=\"wp-block-image size-large\"><a href=\"blob:https:\/\/wtw.waw.pl\/1e22c1e1-1260-4d2b-9835-689e8bb4a2ea\"><img decoding=\"async\" src=\"blob:https:\/\/wtw.waw.pl\/1e22c1e1-1260-4d2b-9835-689e8bb4a2ea\" alt=\"\"><\/a><\/figure>\n\n\n\n<figure class=\"wp-block-image size-large\"><a href=\"blob:https:\/\/wtw.waw.pl\/1373b39c-2d0d-4456-bf28-d2e3c9bffb06\"><img decoding=\"async\" src=\"blob:https:\/\/wtw.waw.pl\/1373b39c-2d0d-4456-bf28-d2e3c9bffb06\" alt=\"\"><\/a><\/figure>\n\n\n\n<figure class=\"wp-block-image size-large\"><a href=\"blob:https:\/\/wtw.waw.pl\/3e244637-c513-4e31-a84e-a0458b4a094c\"><img decoding=\"async\" src=\"blob:https:\/\/wtw.waw.pl\/3e244637-c513-4e31-a84e-a0458b4a094c\" alt=\"\"><\/a><\/figure>\n\n\n\n<figure class=\"wp-block-image size-large\"><a href=\"blob:https:\/\/wtw.waw.pl\/308f9e74-7742-4fbb-b9a9-9377c421614a\"><img decoding=\"async\" src=\"blob:https:\/\/wtw.waw.pl\/308f9e74-7742-4fbb-b9a9-9377c421614a\" alt=\"\"><\/a><\/figure>\n\n\n\n<figure class=\"wp-block-image size-large\"><a href=\"blob:https:\/\/wtw.waw.pl\/a3362495-ad8e-4542-b884-417d7e5d258f\"><img decoding=\"async\" src=\"blob:https:\/\/wtw.waw.pl\/a3362495-ad8e-4542-b884-417d7e5d258f\" alt=\"\"><\/a><\/figure>\n\n\n\n<figure class=\"wp-block-image size-large\"><a href=\"blob:https:\/\/wtw.waw.pl\/69c338fd-8a10-4a01-b8bd-957a00599d67\"><img decoding=\"async\" src=\"blob:https:\/\/wtw.waw.pl\/69c338fd-8a10-4a01-b8bd-957a00599d67\" alt=\"\"><\/a><\/figure>\n","protected":false},"excerpt":{"rendered":"<p>Niestety musimy podzieli\u0107 si\u0119 z Wami bardzo smutn\u0105 wiadomo\u015bci\u0105. Wczoraj wieczorem wracaj\u0105c z Regat w Kruszwicy dosz\u0142o do powa\u017cnego wypadku. Na autostradzie A2 (oko\u0142o 50km od Warszawy), bus wjecha\u0142 w nasz transport sprz\u0119tu &#8211; w przyczep\u0119 zapakowan\u0105 najlepszymi \u0142odziami wio\u015blarskimi. Na szcz\u0119\u015bcie w wypadku nikt z ludzi nie ucierpia\u0142&#8230; W konsekwencji dwie czw\u00f3rki p\u00f3jd\u0105 do [&hellip;]<\/p>\n","protected":false},"author":1,"featured_media":26066,"comment_status":"closed","ping_status":"closed","sticky":false,"template":"","format":"standard","meta":{"_acf_changed":false,"footnotes":""},"categories":[1],"tags":[],"class_list":["post-26065","post","type-post","status-publish","format-standard","has-post-thumbnail","hentry","category-bez-kategorii"],"acf":[],"_links":{"self":[{"href":"https:\/\/wpserwis.cfolks.pl\/r2\/wp-json\/wp\/v2\/posts\/26065","targetHints":{"allow":["GET"]}}],"collection":[{"href":"https:\/\/wpserwis.cfolks.pl\/r2\/wp-json\/wp\/v2\/posts"}],"about":[{"href":"https:\/\/wpserwis.cfolks.pl\/r2\/wp-json\/wp\/v2\/types\/post"}],"author":[{"embeddable":true,"href":"https:\/\/wpserwis.cfolks.pl\/r2\/wp-json\/wp\/v2\/users\/1"}],"replies":[{"embeddable":true,"href":"https:\/\/wpserwis.cfolks.pl\/r2\/wp-json\/wp\/v2\/comments?post=26065"}],"version-history":[{"count":0,"href":"https:\/\/wpserwis.cfolks.pl\/r2\/wp-json\/wp\/v2\/posts\/26065\/revisions"}],"wp:featuredmedia":[{"embeddable":true,"href":"https:\/\/wpserwis.cfolks.pl\/r2\/wp-json\/"}],"wp:attachment":[{"href":"https:\/\/wpserwis.cfolks.pl\/r2\/wp-json\/wp\/v2\/media?parent=26065"}],"wp:term":[{"taxonomy":"category","embeddable":true,"href":"https:\/\/wpserwis.cfolks.pl\/r2\/wp-json\/wp\/v2\/categories?post=26065"},{"taxonomy":"post_tag","embeddable":true,"href":"https:\/\/wpserwis.cfolks.pl\/r2\/wp-json\/wp\/v2\/tags?post=26065"}],"curies":[{"name":"wp","href":"https:\/\/api.w.org\/{rel}","templated":true}]}}