{"id":26116,"date":"2021-06-18T08:27:33","date_gmt":"2021-06-18T06:27:33","guid":{"rendered":"https:\/\/wtw.waw.pl\/?p=26116"},"modified":"2021-06-18T08:27:33","modified_gmt":"2021-06-18T06:27:33","slug":"wciaz-potrzebujemy-waszej-pomocy","status":"publish","type":"post","link":"https:\/\/wpserwis.cfolks.pl\/r2\/wciaz-potrzebujemy-waszej-pomocy\/","title":{"rendered":"WCI\u0104\u017b POTRZEBUJEMY WASZEJ POMOCY!"},"content":{"rendered":"\n<p>Na portalu <a href=\"https:\/\/www.facebook.com\/zrzutkapl\/?__cft__[0]=AZUxbF3ToOZUX8FDfVhdWhqFdaZmp4z7yrDG8MC5FI5wRYfwjchsBmCOF6MMAi3splkDLzR85ScCieFIgdsFH0yVkf0HtrjtxdHt_JhNt1tqYzTtU0WFwzBGl8d0IZ5xR70tbi8PP3STLn-q9i1_4gAuESzG-y-YsO9dfFxeRjuOe_iD1quRpCr_MgmhxGiDVJQ&amp;__tn__=kK-R\">zrzutka.pl<\/a> wci\u0105\u017c trwa zbi\u00f3rka na zakup \u0142odzi dla naszych najm\u0142odszych zawodnik\u00f3w, kt\u00f3rzy utracili je w tragicznym wypadku. <\/p>\n\n\n\n<p>Obecnie trwa naprawa sprz\u0119tu, kt\u00f3ry zosta\u0142 cz\u0119\u015bciowo uszkodzony. <\/p>\n\n\n\n<p><strong>WA\u017bNA INFORMACJA &#8211; wczoraj dowiedzieli\u015bmy si\u0119, \u017ce ubezpieczenie nie pokryje nam koszt\u00f3w kupna przyczepy. Nowa kosztuje oko\u0142o 40 tysi\u0119cy z\u0142otych. Stan naszej po wypadku, zosta\u0142 oceniony jako &#8222;do kasacji&#8221;, a jej warto\u015b\u0107 wyceniono na 2 tysi\u0105ce z\u0142otych&#8230;<\/strong>  Bez przyczepy wio\u015blarskiej nie mamy jak przewozi\u0107 \u0142\u00f3dek (tych, kt\u00f3re pozosta\u0142y oraz tych, kt\u00f3re uda si\u0119 naprawi\u0107) na zawody, kt\u00f3re odbywaj\u0105 si\u0119 przecie\u017c na terenie ca\u0142ej Polski. <\/p>\n\n\n\n<p>Do osi\u0105gni\u0119cia celu w zbi\u00f3rce zosta\u0142o ju\u017c naprawd\u0119 niewiele. Najwa\u017cniejsze starty w tym sezonie zbli\u017caj\u0105 si\u0119 wielkimi krokami. <\/p>\n\n\n\n<p><strong>BARDZO PROSIMY O WSPARCIE! <\/strong><\/p>\n\n\n\n<p>Dzi\u0119kujemy wszystkim za pomoc i wszystkie ciep\u0142e s\u0142owa i my\u015bli. <\/p>\n\n\n\n<p><\/p>\n","protected":false},"excerpt":{"rendered":"<p>Na portalu zrzutka.pl wci\u0105\u017c trwa zbi\u00f3rka na zakup \u0142odzi dla naszych najm\u0142odszych zawodnik\u00f3w, kt\u00f3rzy utracili je w tragicznym wypadku. Obecnie trwa naprawa sprz\u0119tu, kt\u00f3ry zosta\u0142 cz\u0119\u015bciowo uszkodzony. WA\u017bNA INFORMACJA &#8211; wczoraj dowiedzieli\u015bmy si\u0119, \u017ce ubezpieczenie nie pokryje nam koszt\u00f3w kupna przyczepy. Nowa kosztuje oko\u0142o 40 tysi\u0119cy z\u0142otych. Stan naszej po wypadku, zosta\u0142 oceniony jako &#8222;do [&hellip;]<\/p>\n","protected":false},"author":1,"featured_media":26117,"comment_status":"closed","ping_status":"closed","sticky":false,"template":"","format":"standard","meta":{"_acf_changed":false,"footnotes":""},"categories":[1],"tags":[],"class_list":["post-26116","post","type-post","status-publish","format-standard","has-post-thumbnail","hentry","category-bez-kategorii"],"acf":[],"_links":{"self":[{"href":"https:\/\/wpserwis.cfolks.pl\/r2\/wp-json\/wp\/v2\/posts\/26116","targetHints":{"allow":["GET"]}}],"collection":[{"href":"https:\/\/wpserwis.cfolks.pl\/r2\/wp-json\/wp\/v2\/posts"}],"about":[{"href":"https:\/\/wpserwis.cfolks.pl\/r2\/wp-json\/wp\/v2\/types\/post"}],"author":[{"embeddable":true,"href":"https:\/\/wpserwis.cfolks.pl\/r2\/wp-json\/wp\/v2\/users\/1"}],"replies":[{"embeddable":true,"href":"https:\/\/wpserwis.cfolks.pl\/r2\/wp-json\/wp\/v2\/comments?post=26116"}],"version-history":[{"count":0,"href":"https:\/\/wpserwis.cfolks.pl\/r2\/wp-json\/wp\/v2\/posts\/26116\/revisions"}],"wp:featuredmedia":[{"embeddable":true,"href":"https:\/\/wpserwis.cfolks.pl\/r2\/wp-json\/"}],"wp:attachment":[{"href":"https:\/\/wpserwis.cfolks.pl\/r2\/wp-json\/wp\/v2\/media?parent=26116"}],"wp:term":[{"taxonomy":"category","embeddable":true,"href":"https:\/\/wpserwis.cfolks.pl\/r2\/wp-json\/wp\/v2\/categories?post=26116"},{"taxonomy":"post_tag","embeddable":true,"href":"https:\/\/wpserwis.cfolks.pl\/r2\/wp-json\/wp\/v2\/tags?post=26116"}],"curies":[{"name":"wp","href":"https:\/\/api.w.org\/{rel}","templated":true}]}}