{"id":26123,"date":"2021-06-28T08:57:57","date_gmt":"2021-06-28T06:57:57","guid":{"rendered":"https:\/\/wtw.waw.pl\/?p=26123"},"modified":"2021-06-28T08:57:57","modified_gmt":"2021-06-28T06:57:57","slug":"polkolonie-w-wtw","status":"publish","type":"post","link":"https:\/\/wpserwis.cfolks.pl\/r2\/polkolonie-w-wtw\/","title":{"rendered":"P\u00d3\u0141KOLONIE W WTW!"},"content":{"rendered":"\n<p>Mamy dla Was \u015bwietna wiadomo\u015b\u0107! <\/p>\n\n\n\n<p>Po raz pierwszy r<strong>uszamy z organizacj\u0105 p\u00f3\u0142kolonii dla dzieci w wieku od 7 do 14 lat!<\/strong> Zapewniamy \u015bwietn\u0105 zabaw\u0119 oraz niezapomniane emocje podczas aktywnych wakacji w mie\u015bcie. <\/p>\n\n\n\n<p><strong>W planie wio\u015blarstwo, \u017ceglarstwo oraz kajaki &#8211; zaj\u0119cia sportowe oraz edukacyjne! <\/strong><\/p>\n\n\n\n<p>Wszystko odbywa\u0107 si\u0119 b\u0119dzie pod okiem profesjonalnych trener\u00f3w, u\u015bmiechni\u0119tych i pe\u0142nych pasji do tego co robi\u0105. <\/p>\n\n\n\n<p><strong>Terminy turnus\u00f3w:<\/strong><\/p>\n\n\n\n<p><strong>TURNUS I &#8211; 26.07- 30.07 w godzinach 7:00-17:00<\/strong><\/p>\n\n\n\n<p><strong>TURNUS II &#8211; 23.08 &#8211; 27.08 w godzinach 7:00-17:00<\/strong><\/p>\n\n\n\n<p>Zaj\u0119cia odbywa\u0107 si\u0119 b\u0119d\u0105 w wodnym szlaku Warszawy: <strong>Wis\u0142a, Port Czerniakowski oraz Zalew Zegrzy\u0144ski. <\/strong><\/p>\n\n\n\n<p><strong>Po szczeg\u00f3\u0142owe informacje dotycz\u0105ce p\u00f3\u0142kolonii prosimy pisa\u0107 na adres mailowy: wydarzenia@wtw.waw.pl lub kontaktowa\u0107 si\u0119 z trenerem Filipem Fular\u0105 pod numerem telefonu 792-802-007. <\/strong><\/p>\n\n\n\n<p>Zapraszamy! <\/p>\n\n\n\n<figure class=\"wp-block-image size-large\"><a href=\"https:\/\/wpserwis.cfolks.pl\/r2\/wp-content\/uploads\/2021\/06\/polkolonie-3.jpg\"><img decoding=\"async\" src=\"https:\/\/wpserwis.cfolks.pl\/r2\/wp-content\/uploads\/2021\/06\/polkolonie-3.jpg\" alt=\"\" class=\"wp-image-26126\"\/><\/a><\/figure>\n\n\n\n<figure class=\"wp-block-image size-large\"><a href=\"https:\/\/wpserwis.cfolks.pl\/r2\/wp-content\/uploads\/2021\/06\/polkolonie-2.jpg\"><img decoding=\"async\" src=\"https:\/\/wpserwis.cfolks.pl\/r2\/wp-content\/uploads\/2021\/06\/polkolonie-2.jpg\" alt=\"\" class=\"wp-image-26125\"\/><\/a><\/figure>\n\n\n\n<p><\/p>\n","protected":false},"excerpt":{"rendered":"<p>Mamy dla Was \u015bwietna wiadomo\u015b\u0107! Po raz pierwszy ruszamy z organizacj\u0105 p\u00f3\u0142kolonii dla dzieci w wieku od 7 do 14 lat! Zapewniamy \u015bwietn\u0105 zabaw\u0119 oraz niezapomniane emocje podczas aktywnych wakacji w mie\u015bcie. W planie wio\u015blarstwo, \u017ceglarstwo oraz kajaki &#8211; zaj\u0119cia sportowe oraz edukacyjne! Wszystko odbywa\u0107 si\u0119 b\u0119dzie pod okiem profesjonalnych trener\u00f3w, u\u015bmiechni\u0119tych i pe\u0142nych pasji [&hellip;]<\/p>\n","protected":false},"author":1,"featured_media":26124,"comment_status":"closed","ping_status":"closed","sticky":false,"template":"","format":"standard","meta":{"_acf_changed":false,"footnotes":""},"categories":[1],"tags":[],"class_list":["post-26123","post","type-post","status-publish","format-standard","has-post-thumbnail","hentry","category-bez-kategorii"],"acf":[],"_links":{"self":[{"href":"https:\/\/wpserwis.cfolks.pl\/r2\/wp-json\/wp\/v2\/posts\/26123","targetHints":{"allow":["GET"]}}],"collection":[{"href":"https:\/\/wpserwis.cfolks.pl\/r2\/wp-json\/wp\/v2\/posts"}],"about":[{"href":"https:\/\/wpserwis.cfolks.pl\/r2\/wp-json\/wp\/v2\/types\/post"}],"author":[{"embeddable":true,"href":"https:\/\/wpserwis.cfolks.pl\/r2\/wp-json\/wp\/v2\/users\/1"}],"replies":[{"embeddable":true,"href":"https:\/\/wpserwis.cfolks.pl\/r2\/wp-json\/wp\/v2\/comments?post=26123"}],"version-history":[{"count":0,"href":"https:\/\/wpserwis.cfolks.pl\/r2\/wp-json\/wp\/v2\/posts\/26123\/revisions"}],"wp:featuredmedia":[{"embeddable":true,"href":"https:\/\/wpserwis.cfolks.pl\/r2\/wp-json\/"}],"wp:attachment":[{"href":"https:\/\/wpserwis.cfolks.pl\/r2\/wp-json\/wp\/v2\/media?parent=26123"}],"wp:term":[{"taxonomy":"category","embeddable":true,"href":"https:\/\/wpserwis.cfolks.pl\/r2\/wp-json\/wp\/v2\/categories?post=26123"},{"taxonomy":"post_tag","embeddable":true,"href":"https:\/\/wpserwis.cfolks.pl\/r2\/wp-json\/wp\/v2\/tags?post=26123"}],"curies":[{"name":"wp","href":"https:\/\/api.w.org\/{rel}","templated":true}]}}