{"id":26135,"date":"2021-06-28T09:11:45","date_gmt":"2021-06-28T07:11:45","guid":{"rendered":"https:\/\/wtw.waw.pl\/?p=26135"},"modified":"2021-06-28T09:11:45","modified_gmt":"2021-06-28T07:11:45","slug":"centralne-regaty-kontrolne-juniorow-za-nami","status":"publish","type":"post","link":"https:\/\/wpserwis.cfolks.pl\/r2\/centralne-regaty-kontrolne-juniorow-za-nami\/","title":{"rendered":"CENTRALNE REGATY KONTROLNE JUNIOR\u00d3W ZA NAMI!"},"content":{"rendered":"\n<p><strong>W niedziel\u0119 zako\u0144czy\u0142y si\u0119 Centralne Regaty Kontrolne Junior\u00f3w w Kruszwicy, kt\u00f3re by\u0142y bezpo\u015brednimi eliminacjami do Kadry Narodowej! <\/strong><\/p>\n\n\n\n<p>Na ogromne wyr\u00f3\u017cnienie zas\u0142uguje postawa zawodniczki trenerki Agnieszki Renc &#8211;<strong> Julii Facon, kt\u00f3ra plasuj\u0105c si\u0119 na 5 miejscu w kategorii jedynek Juniorek, zagwarantowa\u0142a sobie miejsce w czw\u00f3rce podw\u00f3jnej na Coupe de la Jeunesse, kt\u00f3ry odb\u0119dzie si\u0119 6.08 &#8211; 8.08 w austriackim Linzu!<\/strong><\/p>\n\n\n\n<p>Ponadto bardzo dobrze zaprezentowa\u0142y si\u0119 <strong>osady 4xKJ\/KJM oraz 8+MJ\/MJM, kt\u00f3re na met\u0119 wp\u0142yn\u0119\u0142y na drugiej pozycji. <\/strong><\/p>\n\n\n\n<p>Wielkie gratulacje dla trener\u00f3w za wk\u0142ad wniesiony w przygotowanie osad!<\/p>\n\n\n\n<p>Nasi juniorzy bezpo\u015brednio po zawodach pojechali na ob\u00f3z przygotowawczy do Mistrzostw Polski, kt\u00f3ry odbywa si\u0119 w Mikorzynie. \u017byczymy im owocnych trening\u00f3w! <\/p>\n\n\n\n<p>fot. Liwia Jab\u0142o\u0144ska<\/p>\n\n\n\n<p><\/p>\n","protected":false},"excerpt":{"rendered":"<p>W niedziel\u0119 zako\u0144czy\u0142y si\u0119 Centralne Regaty Kontrolne Junior\u00f3w w Kruszwicy, kt\u00f3re by\u0142y bezpo\u015brednimi eliminacjami do Kadry Narodowej! Na ogromne wyr\u00f3\u017cnienie zas\u0142uguje postawa zawodniczki trenerki Agnieszki Renc &#8211; Julii Facon, kt\u00f3ra plasuj\u0105c si\u0119 na 5 miejscu w kategorii jedynek Juniorek, zagwarantowa\u0142a sobie miejsce w czw\u00f3rce podw\u00f3jnej na Coupe de la Jeunesse, kt\u00f3ry odb\u0119dzie si\u0119 6.08 &#8211; [&hellip;]<\/p>\n","protected":false},"author":1,"featured_media":26136,"comment_status":"closed","ping_status":"closed","sticky":false,"template":"","format":"standard","meta":{"_acf_changed":false,"footnotes":""},"categories":[1],"tags":[],"class_list":["post-26135","post","type-post","status-publish","format-standard","has-post-thumbnail","hentry","category-bez-kategorii"],"acf":[],"_links":{"self":[{"href":"https:\/\/wpserwis.cfolks.pl\/r2\/wp-json\/wp\/v2\/posts\/26135","targetHints":{"allow":["GET"]}}],"collection":[{"href":"https:\/\/wpserwis.cfolks.pl\/r2\/wp-json\/wp\/v2\/posts"}],"about":[{"href":"https:\/\/wpserwis.cfolks.pl\/r2\/wp-json\/wp\/v2\/types\/post"}],"author":[{"embeddable":true,"href":"https:\/\/wpserwis.cfolks.pl\/r2\/wp-json\/wp\/v2\/users\/1"}],"replies":[{"embeddable":true,"href":"https:\/\/wpserwis.cfolks.pl\/r2\/wp-json\/wp\/v2\/comments?post=26135"}],"version-history":[{"count":0,"href":"https:\/\/wpserwis.cfolks.pl\/r2\/wp-json\/wp\/v2\/posts\/26135\/revisions"}],"wp:featuredmedia":[{"embeddable":true,"href":"https:\/\/wpserwis.cfolks.pl\/r2\/wp-json\/"}],"wp:attachment":[{"href":"https:\/\/wpserwis.cfolks.pl\/r2\/wp-json\/wp\/v2\/media?parent=26135"}],"wp:term":[{"taxonomy":"category","embeddable":true,"href":"https:\/\/wpserwis.cfolks.pl\/r2\/wp-json\/wp\/v2\/categories?post=26135"},{"taxonomy":"post_tag","embeddable":true,"href":"https:\/\/wpserwis.cfolks.pl\/r2\/wp-json\/wp\/v2\/tags?post=26135"}],"curies":[{"name":"wp","href":"https:\/\/api.w.org\/{rel}","templated":true}]}}