{"id":26142,"date":"2021-07-05T11:29:07","date_gmt":"2021-07-05T09:29:07","guid":{"rendered":"https:\/\/wtw.waw.pl\/?p=26142"},"modified":"2021-07-05T11:29:07","modified_gmt":"2021-07-05T09:29:07","slug":"oficjalne-nominacje-na-najwazniejsze-imprezy-w-sezonie-dla-najlepszych-zawodnikow","status":"publish","type":"post","link":"https:\/\/wpserwis.cfolks.pl\/r2\/oficjalne-nominacje-na-najwazniejsze-imprezy-w-sezonie-dla-najlepszych-zawodnikow\/","title":{"rendered":"OFICJALNE NOMINACJE NA NAJWA\u017bNIEJSZE IMPREZY W SEZONIE DLA NAJLEPSZYCH ZAWODNIK\u00d3W!"},"content":{"rendered":"\n<p><strong>W ostatni\u0105 sobot\u0119 (03.07.2021r.) nasi najlepsi zawodnicy odebrali oficjalne nominacje na najwa\u017cniejsze imprezy sportowe w tym sezonie! <\/strong><\/p>\n\n\n\n<p>Wr\u0119czenie odby\u0142o si\u0119 tradycyjnie w <strong>Centralnym O\u015brodku Przygotowa\u0144 Olimpijskich w Wa\u0142czu<\/strong>. <strong>Marcina Brzezi\u0144skiego<\/strong> zobaczymy na<strong> Igrzyskach Olimpijskich w Tokio<\/strong>, gdzie wystartuje w czw\u00f3rce d\u0142ugiej.<\/p>\n\n\n\n<p>Ju\u017c 8 lipca kadra olimpijska wyruszy do miasta Tome w Japonii na ob\u00f3z aklimatyzacyjny przed Igrzyskami, a nast\u0119pnie przeniesie si\u0119 do wioski Olimpijskiej. <strong>Zawody wio\u015blarskie na Igrzyskach potrwaj\u0105 od 23.07 do 30.07. <\/strong><\/p>\n\n\n\n<p>Z kolei <strong>Piotr P\u0142omi\u0144ski<\/strong> oraz <strong>Konrad Doma\u0144ski<\/strong> wystartuj\u0105 kolejno na jedynce oraz na czw\u00f3rce podw\u00f3jnej, w <strong>M\u0142odzie\u017cowych Mistrzostwach \u015awiata w Racicach (07.07-11.07). <\/strong><\/p>\n\n\n\n<p>Lipiec b\u0119dzie gor\u0105cy nie tylko ze wzgl\u0119du na upa\u0142y, ale r\u00f3wnie\u017c na emocje wio\u015blarskie! Du\u017co, du\u017co wio\u015blarstwa na najwy\u017cszym poziomie czeka na nas w tym miesi\u0105cu!<\/p>\n\n\n\n<p>\u015aled\u017acie Nasz profil, gdzie b\u0119dziemy na bie\u017c\u0105co informowa\u0107 o poczynaniach naszych najlepszych zawodnik\u00f3w!<\/p>\n\n\n\n<p><strong>Trzymamy kciuki i kibicujemy razem!!<\/strong><\/p>\n\n\n\n<figure class=\"wp-block-image size-large\"><a href=\"https:\/\/wpserwis.cfolks.pl\/r2\/wp-content\/uploads\/2021\/07\/212073924_4484472831585858_4061720351060319474_n.jpg\"><img decoding=\"async\" src=\"https:\/\/wpserwis.cfolks.pl\/r2\/wp-content\/uploads\/2021\/07\/212073924_4484472831585858_4061720351060319474_n.jpg\" alt=\"\" class=\"wp-image-26140\"\/><\/a><\/figure>\n\n\n\n<figure class=\"wp-block-image size-large\"><a href=\"https:\/\/wpserwis.cfolks.pl\/r2\/wp-content\/uploads\/2021\/07\/214178468_4484473001585841_4735241705242373200_n.jpg\"><img decoding=\"async\" src=\"https:\/\/wpserwis.cfolks.pl\/r2\/wp-content\/uploads\/2021\/07\/214178468_4484473001585841_4735241705242373200_n.jpg\" alt=\"\" class=\"wp-image-26141\"\/><\/a><\/figure>\n\n\n\n<p><\/p>\n\n\n\n<p><\/p>\n","protected":false},"excerpt":{"rendered":"<p>W ostatni\u0105 sobot\u0119 (03.07.2021r.) nasi najlepsi zawodnicy odebrali oficjalne nominacje na najwa\u017cniejsze imprezy sportowe w tym sezonie! Wr\u0119czenie odby\u0142o si\u0119 tradycyjnie w Centralnym O\u015brodku Przygotowa\u0144 Olimpijskich w Wa\u0142czu. Marcina Brzezi\u0144skiego zobaczymy na Igrzyskach Olimpijskich w Tokio, gdzie wystartuje w czw\u00f3rce d\u0142ugiej. Ju\u017c 8 lipca kadra olimpijska wyruszy do miasta Tome w Japonii na ob\u00f3z aklimatyzacyjny [&hellip;]<\/p>\n","protected":false},"author":1,"featured_media":26139,"comment_status":"closed","ping_status":"closed","sticky":false,"template":"","format":"standard","meta":{"_acf_changed":false,"footnotes":""},"categories":[1],"tags":[],"class_list":["post-26142","post","type-post","status-publish","format-standard","has-post-thumbnail","hentry","category-bez-kategorii"],"acf":[],"_links":{"self":[{"href":"https:\/\/wpserwis.cfolks.pl\/r2\/wp-json\/wp\/v2\/posts\/26142","targetHints":{"allow":["GET"]}}],"collection":[{"href":"https:\/\/wpserwis.cfolks.pl\/r2\/wp-json\/wp\/v2\/posts"}],"about":[{"href":"https:\/\/wpserwis.cfolks.pl\/r2\/wp-json\/wp\/v2\/types\/post"}],"author":[{"embeddable":true,"href":"https:\/\/wpserwis.cfolks.pl\/r2\/wp-json\/wp\/v2\/users\/1"}],"replies":[{"embeddable":true,"href":"https:\/\/wpserwis.cfolks.pl\/r2\/wp-json\/wp\/v2\/comments?post=26142"}],"version-history":[{"count":0,"href":"https:\/\/wpserwis.cfolks.pl\/r2\/wp-json\/wp\/v2\/posts\/26142\/revisions"}],"wp:featuredmedia":[{"embeddable":true,"href":"https:\/\/wpserwis.cfolks.pl\/r2\/wp-json\/"}],"wp:attachment":[{"href":"https:\/\/wpserwis.cfolks.pl\/r2\/wp-json\/wp\/v2\/media?parent=26142"}],"wp:term":[{"taxonomy":"category","embeddable":true,"href":"https:\/\/wpserwis.cfolks.pl\/r2\/wp-json\/wp\/v2\/categories?post=26142"},{"taxonomy":"post_tag","embeddable":true,"href":"https:\/\/wpserwis.cfolks.pl\/r2\/wp-json\/wp\/v2\/tags?post=26142"}],"curies":[{"name":"wp","href":"https:\/\/api.w.org\/{rel}","templated":true}]}}