{"id":26156,"date":"2021-07-12T13:11:37","date_gmt":"2021-07-12T11:11:37","guid":{"rendered":"https:\/\/wtw.waw.pl\/?p=26156"},"modified":"2021-07-12T13:11:37","modified_gmt":"2021-07-12T11:11:37","slug":"doskonale-starty-w-racicach","status":"publish","type":"post","link":"https:\/\/wpserwis.cfolks.pl\/r2\/doskonale-starty-w-racicach\/","title":{"rendered":"DOSKONA\u0141E STARTY W RACICACH!"},"content":{"rendered":"\n<p><strong>Doskona\u0142e starty naszych zawodnik\u00f3w na zako\u0144czonych wczoraj M\u0142odzie\u017cowych Mistrzostwach \u015awiata w czeskich Racicach! Piotr P\u0142omi\u0144ski zdoby\u0142 srebro, a Konrad Doma\u0144ski 5 miejsce! <\/strong><\/p>\n\n\n\n<p>Rewelacyjna forma <strong>Piotrka<\/strong> da\u0142a si\u0119 zauwa\u017cy\u0107 od samego pocz\u0105tku zawod\u00f3w. Po wygranym biegu p\u00f3\u0142fina\u0142owym i uzyskaniu najlepszego czasu ze wszystkich p\u00f3\u0142fina\u0142\u00f3w, w finale startowa\u0142 w roli faworyta do zwyci\u0119stwa wraz z Bu\u0142garem Emilem Neykovem. Piotrek od pocz\u0105tku zacz\u0105\u0142 bardzo mocno i kontrolowa\u0142 bieg do 250 m przed met\u0105, kiedy to Bu\u0142gar \u015bwietnie zafiniszowa\u0142. <strong>Ostatecznie nasz skifista zako\u0144czy\u0142 rywalizacj\u0119 na drugim miejscu<\/strong>, przed Du\u0144czykiem Bastianem Sacherem. Jedynki m\u0119skie by\u0142y najmocniej obsadzon\u0105 konkurencj\u0105 Mistrzostw \u015awiata. Dlatego tym bardziej cieszy rezultat osi\u0105gni\u0119ty przez naszego zawodnika! <\/p>\n\n\n\n<p>Ponadto, \u015bwietnie zaprezentowa\u0142a si\u0119 osada <strong>BM4x w sk\u0142adzie z naszym zawodnikiem Konradem Doma\u0144skim<\/strong>, kt\u00f3ra zako\u0144czy\u0142a rywalizacj\u0119 na bardzo dobrym<strong> 5 miejscu<\/strong>! <\/p>\n\n\n\n<p>W Racicach polska reprezentacja zdoby\u0142a ostatecznie dwa medale! Srebro Piotrka P\u0142omi\u0144skiego oraz br\u0105zowy medal debla wagi lekkiej kobiet.<\/p>\n\n\n\n<p><strong>Jeszcze raz ogromne gratulacje dla naszych zawodnik\u00f3w jak i ca\u0142ej reprezentacji Polski. <\/strong><\/p>\n\n\n\n<p><strong>Jeste\u015bmy dumni!<\/strong><\/p>\n\n\n\n<figure class=\"wp-block-image size-large\"><a href=\"https:\/\/wpserwis.cfolks.pl\/r2\/wp-content\/uploads\/2021\/07\/Racice-3.jpg\"><img decoding=\"async\" src=\"https:\/\/wpserwis.cfolks.pl\/r2\/wp-content\/uploads\/2021\/07\/Racice-3.jpg\" alt=\"\" class=\"wp-image-26159\"\/><\/a><\/figure>\n\n\n\n<figure class=\"wp-block-image size-large\"><a href=\"https:\/\/wpserwis.cfolks.pl\/r2\/wp-content\/uploads\/2021\/07\/Racice.jpg\"><img decoding=\"async\" src=\"https:\/\/wpserwis.cfolks.pl\/r2\/wp-content\/uploads\/2021\/07\/Racice.jpg\" alt=\"\" class=\"wp-image-26157\"\/><\/a><\/figure>\n\n\n\n<p><\/p>\n\n\n\n<p><\/p>\n","protected":false},"excerpt":{"rendered":"<p>Doskona\u0142e starty naszych zawodnik\u00f3w na zako\u0144czonych wczoraj M\u0142odzie\u017cowych Mistrzostwach \u015awiata w czeskich Racicach! Piotr P\u0142omi\u0144ski zdoby\u0142 srebro, a Konrad Doma\u0144ski 5 miejsce! Rewelacyjna forma Piotrka da\u0142a si\u0119 zauwa\u017cy\u0107 od samego pocz\u0105tku zawod\u00f3w. Po wygranym biegu p\u00f3\u0142fina\u0142owym i uzyskaniu najlepszego czasu ze wszystkich p\u00f3\u0142fina\u0142\u00f3w, w finale startowa\u0142 w roli faworyta do zwyci\u0119stwa wraz z Bu\u0142garem Emilem [&hellip;]<\/p>\n","protected":false},"author":1,"featured_media":26158,"comment_status":"closed","ping_status":"closed","sticky":false,"template":"","format":"standard","meta":{"_acf_changed":false,"footnotes":""},"categories":[1],"tags":[],"class_list":["post-26156","post","type-post","status-publish","format-standard","has-post-thumbnail","hentry","category-bez-kategorii"],"acf":[],"_links":{"self":[{"href":"https:\/\/wpserwis.cfolks.pl\/r2\/wp-json\/wp\/v2\/posts\/26156","targetHints":{"allow":["GET"]}}],"collection":[{"href":"https:\/\/wpserwis.cfolks.pl\/r2\/wp-json\/wp\/v2\/posts"}],"about":[{"href":"https:\/\/wpserwis.cfolks.pl\/r2\/wp-json\/wp\/v2\/types\/post"}],"author":[{"embeddable":true,"href":"https:\/\/wpserwis.cfolks.pl\/r2\/wp-json\/wp\/v2\/users\/1"}],"replies":[{"embeddable":true,"href":"https:\/\/wpserwis.cfolks.pl\/r2\/wp-json\/wp\/v2\/comments?post=26156"}],"version-history":[{"count":0,"href":"https:\/\/wpserwis.cfolks.pl\/r2\/wp-json\/wp\/v2\/posts\/26156\/revisions"}],"wp:featuredmedia":[{"embeddable":true,"href":"https:\/\/wpserwis.cfolks.pl\/r2\/wp-json\/"}],"wp:attachment":[{"href":"https:\/\/wpserwis.cfolks.pl\/r2\/wp-json\/wp\/v2\/media?parent=26156"}],"wp:term":[{"taxonomy":"category","embeddable":true,"href":"https:\/\/wpserwis.cfolks.pl\/r2\/wp-json\/wp\/v2\/categories?post=26156"},{"taxonomy":"post_tag","embeddable":true,"href":"https:\/\/wpserwis.cfolks.pl\/r2\/wp-json\/wp\/v2\/tags?post=26156"}],"curies":[{"name":"wp","href":"https:\/\/api.w.org\/{rel}","templated":true}]}}