{"id":26204,"date":"2021-07-20T13:59:04","date_gmt":"2021-07-20T11:59:04","guid":{"rendered":"https:\/\/wtw.waw.pl\/?p=26204"},"modified":"2021-07-20T13:59:04","modified_gmt":"2021-07-20T11:59:04","slug":"zapraszamy-na-polkolonie","status":"publish","type":"post","link":"https:\/\/wpserwis.cfolks.pl\/r2\/zapraszamy-na-polkolonie\/","title":{"rendered":"ZAPRASZAMY NA P\u00d3\u0141KOLONIE!"},"content":{"rendered":"\n<p><strong>Zosta\u0142a ostatnia szansa na zapisy dzieci w wieku od 7 do14 lat na nasze wodne P\u00f3\u0142kolonie! Terminy turnus\u00f3w:<\/strong><\/p>\n\n\n\n<p>\u2022 26.07 &#8211; 30.07 &#8211; I turnus <\/p>\n\n\n\n<p>\u2022 23.08 &#8211; 27.08 &#8211; II turnus<\/p>\n\n\n\n<p><strong>Zapis\u00f3w mo\u017cecie dokonywa\u0107 na wydarzenia@wtw.waw.pl <\/strong><\/p>\n\n\n\n<p>Szczeg\u00f3\u0142owe informacje zamieszczamy poni\u017cej!  <\/p>\n\n\n\n<p><strong>Zaj\u0119cia sportowe odbywa\u0107 si\u0119 b\u0119d\u0105 w godzinach 9:00 &#8211; 15:00. Natomiast \u015bwietlica dla dzieci b\u0119dzie otwarta od 7:30 do 17:00.<\/strong><\/p>\n\n\n\n<p>W cenie p\u00f3\u0142kolonii: zaj\u0119cia sportowe, ukierunkowane na wodne, prowadzone przez profesjonalnych trener\u00f3w, instruktor\u00f3w, w tym m.in. <strong>Joann\u0119 Hentk\u0119<\/strong> (br\u0105zow\u0105 medalistk\u0119 z Igrzysk Olimpijskich w Rio de Janeiro) oraz <strong>Joann\u0119 Dorociak<\/strong> (medalistk\u0119 Mistrzostw Europy w wio\u015blarstwie), obiad, zdrowe przek\u0105ski, woda, soki. <\/p>\n\n\n\n<p><strong>Cena : 750 z\u0142<\/strong><\/p>\n\n\n\n<p><strong>Terminy turnus\u00f3w:<\/strong><\/p>\n\n\n\n<p><strong>\u2022 26.07 &#8211; 30.07 &#8211; I turnus <\/strong><\/p>\n\n\n\n<p><strong>\u2022 23.08 &#8211; 27.08 &#8211; II turnus<\/strong> <\/p>\n\n\n\n<p><strong>PROGRAM:<\/strong><\/p>\n\n\n\n<p><em><strong>DZIE\u0143 1<\/strong><\/em> &#8211; Zapoznanie trener\u00f3w z dzieciakami, ogl\u0105danie przystani zlokalizowanej w Porcie Czerniakowskim, przedstawienie dyscypliny jak\u0105 jest wio\u015blarstwo, wizyta w szkutni, nauka wios\u0142owania na ergometrach, obiad, nauka wios\u0142owania na niewywrotnych \u0142\u00f3dkach dla dzieci. <\/p>\n\n\n\n<p><em><strong>DZIE\u0143 2<\/strong><\/em> &#8211; Nauka wios\u0142owania na specjalnych, niewywrotnych \u0142odziach dla dzieci, obiad, spacer historyczno-przyrodniczy po Cyplu Czerniakowskim. <\/p>\n\n\n\n<p><strong><em>DZIE\u0143 3<\/em><\/strong> &#8211; Wyjazd nad Zalew Zegrzy\u0144ski &#8211; szkolenie \u017ceglarskie, obiad na miejscu. <\/p>\n\n\n\n<p><strong><em>DZIE\u0143 4 <\/em><\/strong>&#8211; Szkolenie kajakarskie w Porcie Czerniakowskim, obiad, gry i zabawy integracyjne w terenie. <\/p>\n\n\n\n<p><strong><em>DZIE\u0143 5<\/em><\/strong> &#8211; Wyj\u015bcie do parku wodnego, obiad, zaj\u0119cia z zakresu wio\u015blarstwa\/kajakarstwa do wyboru, po\u017cegnanie. <\/p>\n\n\n\n<p><strong>Program mo\u017ce ulec nieznacznej modyfikacji, zale\u017cnie od warunk\u00f3w atmosferycznych. <\/strong><\/p>\n\n\n\n<p><strong>Pami\u0119tajcie, dla nas bezpiecze\u0144stwo zawsze jest na pierwszym miejscu!<\/strong> <\/p>\n\n\n\n<p><strong>Kontakt do zapis\u00f3w: wydarzenia@wtw.waw.pl<\/strong><\/p>\n\n\n\n<p>Liczba miejsc ograniczona. <\/p>\n\n\n\n<p><strong>Zapraszamy! <\/strong><\/p>\n\n\n\n<p><\/p>\n","protected":false},"excerpt":{"rendered":"<p>Zosta\u0142a ostatnia szansa na zapisy dzieci w wieku od 7 do14 lat na nasze wodne P\u00f3\u0142kolonie! Terminy turnus\u00f3w: \u2022 26.07 &#8211; 30.07 &#8211; I turnus \u2022 23.08 &#8211; 27.08 &#8211; II turnus Zapis\u00f3w mo\u017cecie dokonywa\u0107 na wydarzenia@wtw.waw.pl Szczeg\u00f3\u0142owe informacje zamieszczamy poni\u017cej! Zaj\u0119cia sportowe odbywa\u0107 si\u0119 b\u0119d\u0105 w godzinach 9:00 &#8211; 15:00. Natomiast \u015bwietlica dla dzieci [&hellip;]<\/p>\n","protected":false},"author":1,"featured_media":26205,"comment_status":"closed","ping_status":"closed","sticky":false,"template":"","format":"standard","meta":{"_acf_changed":false,"footnotes":""},"categories":[1],"tags":[],"class_list":["post-26204","post","type-post","status-publish","format-standard","has-post-thumbnail","hentry","category-bez-kategorii"],"acf":[],"_links":{"self":[{"href":"https:\/\/wpserwis.cfolks.pl\/r2\/wp-json\/wp\/v2\/posts\/26204","targetHints":{"allow":["GET"]}}],"collection":[{"href":"https:\/\/wpserwis.cfolks.pl\/r2\/wp-json\/wp\/v2\/posts"}],"about":[{"href":"https:\/\/wpserwis.cfolks.pl\/r2\/wp-json\/wp\/v2\/types\/post"}],"author":[{"embeddable":true,"href":"https:\/\/wpserwis.cfolks.pl\/r2\/wp-json\/wp\/v2\/users\/1"}],"replies":[{"embeddable":true,"href":"https:\/\/wpserwis.cfolks.pl\/r2\/wp-json\/wp\/v2\/comments?post=26204"}],"version-history":[{"count":0,"href":"https:\/\/wpserwis.cfolks.pl\/r2\/wp-json\/wp\/v2\/posts\/26204\/revisions"}],"wp:featuredmedia":[{"embeddable":true,"href":"https:\/\/wpserwis.cfolks.pl\/r2\/wp-json\/"}],"wp:attachment":[{"href":"https:\/\/wpserwis.cfolks.pl\/r2\/wp-json\/wp\/v2\/media?parent=26204"}],"wp:term":[{"taxonomy":"category","embeddable":true,"href":"https:\/\/wpserwis.cfolks.pl\/r2\/wp-json\/wp\/v2\/categories?post=26204"},{"taxonomy":"post_tag","embeddable":true,"href":"https:\/\/wpserwis.cfolks.pl\/r2\/wp-json\/wp\/v2\/tags?post=26204"}],"curies":[{"name":"wp","href":"https:\/\/api.w.org\/{rel}","templated":true}]}}