{"id":26207,"date":"2021-07-22T08:45:44","date_gmt":"2021-07-22T06:45:44","guid":{"rendered":"https:\/\/wtw.waw.pl\/?p=26207"},"modified":"2021-07-22T08:45:44","modified_gmt":"2021-07-22T06:45:44","slug":"kilka-slow-od-marcina-brzezinskiego","status":"publish","type":"post","link":"https:\/\/wpserwis.cfolks.pl\/r2\/kilka-slow-od-marcina-brzezinskiego\/","title":{"rendered":"KILKA S\u0141\u00d3W OD MARCINA BRZEZI\u0143SKIEGO"},"content":{"rendered":"\n<p><strong>Poni\u017cej przekazujemy kilka zda\u0144 od naszego Mistrza Marcina Brzezi\u0144skiego prosto z wioski Olimpijskiej! <\/strong><\/p>\n\n\n\n<p>&#8222;Hej! Od poniedzia\u0142ku przebywamy ju\u017c w Wiosce Olimpijskiej, gdzie mimo du\u017cych obostrze\u0144 jest bardzo radosna i przyjazna atmosfera <img loading=\"lazy\" decoding=\"async\" width=\"16\" height=\"16\" alt=\"\u263a\ufe0f\" src=\"https:\/\/static.xx.fbcdn.net\/images\/emoji.php\/v9\/tfb\/1\/16\/263a.png\">. Dzi\u015b odbyli\u015bmy pierwsze dwa treningi na olimpijskim torze i mimo bardzo silnego wiatru, woda by\u0142a ca\u0142kiem spokojna. Czujemy si\u0119 ju\u017c bardzo dobrze w tym klimacie, ale to zas\u0142uga 10-dniowej aklimatyzacji jak\u0105 mieli\u015bmy przed przyjazdem do wioski. Przed nami ostatnie szlify formy i z niecierpliwo\u015bci\u0105 oczekujemy na pierwszy start <img loading=\"lazy\" decoding=\"async\" width=\"16\" height=\"16\" alt=\"\ud83d\ude0d\" src=\"https:\/\/static.xx.fbcdn.net\/images\/emoji.php\/v9\/t2\/1\/16\/1f60d.png\">\u201d. <\/p>\n\n\n\n<p>Przypomnijmy, \u017ce przedbiegi konkurencji M4- , w kt\u00f3rej staruje Marcin, rozpoczn\u0105 si\u0119 ju\u017c 24.07! Pora powoli zaciska\u0107 kciuki i przygotowywa\u0107 si\u0119 do kibicowania. My ju\u017c nie mo\u017cemy si\u0119 doczeka\u0107! <\/p>\n\n\n\n<figure class=\"wp-block-image size-large\"><a href=\"https:\/\/wpserwis.cfolks.pl\/r2\/wp-content\/uploads\/2021\/07\/MB-2.jpg\"><img decoding=\"async\" src=\"https:\/\/wpserwis.cfolks.pl\/r2\/wp-content\/uploads\/2021\/07\/MB-2.jpg\" alt=\"\" class=\"wp-image-26209\"\/><\/a><\/figure>\n","protected":false},"excerpt":{"rendered":"<p>Poni\u017cej przekazujemy kilka zda\u0144 od naszego Mistrza Marcina Brzezi\u0144skiego prosto z wioski Olimpijskiej! &#8222;Hej! Od poniedzia\u0142ku przebywamy ju\u017c w Wiosce Olimpijskiej, gdzie mimo du\u017cych obostrze\u0144 jest bardzo radosna i przyjazna atmosfera . Dzi\u015b odbyli\u015bmy pierwsze dwa treningi na olimpijskim torze i mimo bardzo silnego wiatru, woda by\u0142a ca\u0142kiem spokojna. Czujemy si\u0119 ju\u017c bardzo dobrze w [&hellip;]<\/p>\n","protected":false},"author":1,"featured_media":26208,"comment_status":"closed","ping_status":"closed","sticky":false,"template":"","format":"standard","meta":{"_acf_changed":false,"footnotes":""},"categories":[1],"tags":[],"class_list":["post-26207","post","type-post","status-publish","format-standard","has-post-thumbnail","hentry","category-bez-kategorii"],"acf":[],"_links":{"self":[{"href":"https:\/\/wpserwis.cfolks.pl\/r2\/wp-json\/wp\/v2\/posts\/26207","targetHints":{"allow":["GET"]}}],"collection":[{"href":"https:\/\/wpserwis.cfolks.pl\/r2\/wp-json\/wp\/v2\/posts"}],"about":[{"href":"https:\/\/wpserwis.cfolks.pl\/r2\/wp-json\/wp\/v2\/types\/post"}],"author":[{"embeddable":true,"href":"https:\/\/wpserwis.cfolks.pl\/r2\/wp-json\/wp\/v2\/users\/1"}],"replies":[{"embeddable":true,"href":"https:\/\/wpserwis.cfolks.pl\/r2\/wp-json\/wp\/v2\/comments?post=26207"}],"version-history":[{"count":0,"href":"https:\/\/wpserwis.cfolks.pl\/r2\/wp-json\/wp\/v2\/posts\/26207\/revisions"}],"wp:featuredmedia":[{"embeddable":true,"href":"https:\/\/wpserwis.cfolks.pl\/r2\/wp-json\/"}],"wp:attachment":[{"href":"https:\/\/wpserwis.cfolks.pl\/r2\/wp-json\/wp\/v2\/media?parent=26207"}],"wp:term":[{"taxonomy":"category","embeddable":true,"href":"https:\/\/wpserwis.cfolks.pl\/r2\/wp-json\/wp\/v2\/categories?post=26207"},{"taxonomy":"post_tag","embeddable":true,"href":"https:\/\/wpserwis.cfolks.pl\/r2\/wp-json\/wp\/v2\/tags?post=26207"}],"curies":[{"name":"wp","href":"https:\/\/api.w.org\/{rel}","templated":true}]}}